{"id":71129,"date":"2023-06-05T19:17:16","date_gmt":"2023-06-05T19:17:16","guid":{"rendered":"https:\/\/goiasemtempo.com.br\/home\/?p=71129"},"modified":"2023-06-05T19:17:16","modified_gmt":"2023-06-05T19:17:16","slug":"conselheiros-do-tcm-criticam-articulacao-de-bruno-peixoto-para-novas-vagas-a-deputados","status":"publish","type":"post","link":"https:\/\/goiasemtempo.com.br\/home\/conselheiros-do-tcm-criticam-articulacao-de-bruno-peixoto-para-novas-vagas-a-deputados\/","title":{"rendered":"Conselheiros do TCM criticam articula\u00e7\u00e3o de Bruno Peixoto para novas vagas a deputados"},"content":{"rendered":"<p>N\u00e3o caiu bem no Tribunal de Contas do Munic\u00edpios de Goi\u00e1s (TCM) a not\u00edcia sobre articula\u00e7\u00e3o para abertura, \u00e0 for\u00e7a, de novas vagas na Corte para atender deputados estaduais. Em conversas nos bastidores, conselheiros repetem que n\u00e3o querem se envolver diretamente com a empreitada e adotam a discri\u00e7\u00e3o. Apontam, no entanto, que a tentativa do presidente da Assembleia Legislativa, Bruno Peixoto (UB), encontra fortes resist\u00eancias pol\u00edticas, mas principalmente jur\u00eddicas.<\/p>\n<div id=\"sagre-2008034655\" class=\"sagre-materia-primeiro-paragrafo\">\n<div id=\"m_arroba-3\">O presidente da Alego trabalha para alcan\u00e7ar a abertura de pelo menos tr\u00eas vagas de conselheiro do Tribunal nos pr\u00f3ximos tr\u00eas anos, por meio de altera\u00e7\u00f5es na legisla\u00e7\u00e3o previdenci\u00e1ria. As indica\u00e7\u00f5es seriam definidas em conjunto com a base do governador Ronaldo Caiado (UB), mas ainda dependem da regulamenta\u00e7\u00e3o do benef\u00edcio previdenci\u00e1rio especial. O que possibilitaria a aposentadoria de atuais membros do TCM, com sal\u00e1rio integral. A informa\u00e7\u00e3o foi publicada pela Coluna Giro, do jornal O Popular, na \u00faltima semana.<\/div>\n<div id=\"d_arroba-2\" data-google-query-id=\"CMydwtHprP8CFeQKuQYdYdkCnA\">\n<div><\/div>\n<\/div>\n<\/div>\n<p>Conselheiros, por\u00e9m, apontam que a mudan\u00e7a na legisla\u00e7\u00e3o encontraria entraves jur\u00eddicos e cravam que qualquer mat\u00e9ria aprovada nesse sentido seria inconstitucional. Avalia\u00e7\u00e3o \u00e9 de que ficaria evidente que a regulamenta\u00e7\u00e3o teria objetivo de beneficiar especificamente tr\u00eas conselheiros, o que feriria o princ\u00edpio constitucional da impessoalidade. Os dois primeiros atendidos, pela articula\u00e7\u00e3o na Alego, seriam os deputados Talles Barreto e Virmondes Cruvinel. A conferir.<\/p>\n<p>A \u00faltima vaga aberta no Tribunal de Contas dos Munic\u00edpios teve ocupa\u00e7\u00e3o pelo ex-deputado estadual Humberto Aidar, no lugar do ex-conselheiro e ex-deputado, Valcenor Braz. Tudo depois de intensa press\u00e3o da Alego, com amea\u00e7a de extin\u00e7\u00e3o do Tribunal.<\/p>\n<p>Com Ag\u00eancia de Not\u00edcias- Por Rubens Salom\u00e3o- Acr\u00e9scimo de Informa\u00e7\u00f5es-<em>Goi\u00e1s Em Tempo<\/em><\/p>\n","protected":false},"excerpt":{"rendered":"<p>N\u00e3o caiu bem no Tribunal de Contas do Munic\u00edpios de Goi\u00e1s (TCM) a not\u00edcia sobre articula\u00e7\u00e3o para abertura, \u00e0 for\u00e7a, de novas vagas na Corte para atender deputados estaduais. Em conversas nos bastidores, conselheiros repetem que n\u00e3o querem se envolver diretamente com a empreitada e adotam a discri\u00e7\u00e3o. Apontam, no entanto, que a tentativa do &hellip;<\/p>\n","protected":false},"author":3,"featured_media":71130,"comment_status":"closed","ping_status":"open","sticky":false,"template":"","format":"standard","meta":{"_exactmetrics_skip_tracking":false,"_exactmetrics_sitenote_active":false,"_exactmetrics_sitenote_note":"","_exactmetrics_sitenote_category":0,"footnotes":""},"categories":[15,2],"tags":[],"_links":{"self":[{"href":"https:\/\/goiasemtempo.com.br\/home\/wp-json\/wp\/v2\/posts\/71129"}],"collection":[{"href":"https:\/\/goiasemtempo.com.br\/home\/wp-json\/wp\/v2\/posts"}],"about":[{"href":"https:\/\/goiasemtempo.com.br\/home\/wp-json\/wp\/v2\/types\/post"}],"author":[{"embeddable":true,"href":"https:\/\/goiasemtempo.com.br\/home\/wp-json\/wp\/v2\/users\/3"}],"replies":[{"embeddable":true,"href":"https:\/\/goiasemtempo.com.br\/home\/wp-json\/wp\/v2\/comments?post=71129"}],"version-history":[{"count":1,"href":"https:\/\/goiasemtempo.com.br\/home\/wp-json\/wp\/v2\/posts\/71129\/revisions"}],"predecessor-version":[{"id":71131,"href":"https:\/\/goiasemtempo.com.br\/home\/wp-json\/wp\/v2\/posts\/71129\/revisions\/71131"}],"wp:featuredmedia":[{"embeddable":true,"href":"https:\/\/goiasemtempo.com.br\/home\/wp-json\/wp\/v2\/media\/71130"}],"wp:attachment":[{"href":"https:\/\/goiasemtempo.com.br\/home\/wp-json\/wp\/v2\/media?parent=71129"}],"wp:term":[{"taxonomy":"category","embeddable":true,"href":"https:\/\/goiasemtempo.com.br\/home\/wp-json\/wp\/v2\/categories?post=71129"},{"taxonomy":"post_tag","embeddable":true,"href":"https:\/\/goiasemtempo.com.br\/home\/wp-json\/wp\/v2\/tags?post=71129"}],"curies":[{"name":"wp","href":"https:\/\/api.w.org\/{rel}","templated":true}]}}