{"id":71126,"date":"2023-06-05T19:00:03","date_gmt":"2023-06-05T19:00:03","guid":{"rendered":"https:\/\/goiasemtempo.com.br\/home\/?p=71126"},"modified":"2023-06-05T19:00:03","modified_gmt":"2023-06-05T19:00:03","slug":"vereador-de-vila-propicio-morre-em-grave-acidente-de-transito","status":"publish","type":"post","link":"https:\/\/goiasemtempo.com.br\/home\/vereador-de-vila-propicio-morre-em-grave-acidente-de-transito\/","title":{"rendered":"Vereador de Vila Prop\u00edcio morre em grave acidente de tr\u00e2nsito"},"content":{"rendered":"<p>Ex-presidente da C\u00e2mara Municipal de Vila Prop\u00edcio, o vereador Gilson Morais dos Santos, morreu na noite do \u00faltimo s\u00e1bado (3) ap\u00f3s sofrer um grave acidente na BR-414. A trag\u00e9dia aconteceu em um trecho pr\u00f3ximo ao distrito de Assun\u00e7\u00e3o de Goi\u00e1s.<\/p>\n<p>O ve\u00edculo em que estavam o parlamentar e mais um passageiro, que bateram de frente com outro que levava quatro pessoas. Al\u00e9m de Gilson, o motorista do outro carro veio a \u00f3bito. Outras tr\u00eas pessoas que estavam neste ve\u00edculo se feriram.<\/p>\n<p>A morte foi confirmada pela C\u00e2mara em nota. \u201cQueremos abra\u00e7ar a fam\u00edlia e amigos e rogamos a Deus que acolha esse filho no reino do c\u00e9u, e conforte a dor que essa perda precoce nos provoca\u201d, diz o texto.<\/p>\n<p>Gilson estava no exerc\u00edcio do seu segundo mandato. O sepultamento aconteceu nesta segunda-feira (5), no Cemit\u00e9rio Municipal Pedro Ribeiro dos Santos.<\/p>\n","protected":false},"excerpt":{"rendered":"<p>Ex-presidente da C\u00e2mara Municipal de Vila Prop\u00edcio, o vereador Gilson Morais dos Santos, morreu na noite do \u00faltimo s\u00e1bado (3) ap\u00f3s sofrer um grave acidente na BR-414. A trag\u00e9dia aconteceu em um trecho pr\u00f3ximo ao distrito de Assun\u00e7\u00e3o de Goi\u00e1s. O ve\u00edculo em que estavam o parlamentar e mais um passageiro, que bateram de frente &hellip;<\/p>\n","protected":false},"author":3,"featured_media":71127,"comment_status":"closed","ping_status":"open","sticky":false,"template":"","format":"standard","meta":{"_exactmetrics_skip_tracking":false,"_exactmetrics_sitenote_active":false,"_exactmetrics_sitenote_note":"","_exactmetrics_sitenote_category":0,"footnotes":""},"categories":[7,346,4],"tags":[],"_links":{"self":[{"href":"https:\/\/goiasemtempo.com.br\/home\/wp-json\/wp\/v2\/posts\/71126"}],"collection":[{"href":"https:\/\/goiasemtempo.com.br\/home\/wp-json\/wp\/v2\/posts"}],"about":[{"href":"https:\/\/goiasemtempo.com.br\/home\/wp-json\/wp\/v2\/types\/post"}],"author":[{"embeddable":true,"href":"https:\/\/goiasemtempo.com.br\/home\/wp-json\/wp\/v2\/users\/3"}],"replies":[{"embeddable":true,"href":"https:\/\/goiasemtempo.com.br\/home\/wp-json\/wp\/v2\/comments?post=71126"}],"version-history":[{"count":1,"href":"https:\/\/goiasemtempo.com.br\/home\/wp-json\/wp\/v2\/posts\/71126\/revisions"}],"predecessor-version":[{"id":71128,"href":"https:\/\/goiasemtempo.com.br\/home\/wp-json\/wp\/v2\/posts\/71126\/revisions\/71128"}],"wp:featuredmedia":[{"embeddable":true,"href":"https:\/\/goiasemtempo.com.br\/home\/wp-json\/wp\/v2\/media\/71127"}],"wp:attachment":[{"href":"https:\/\/goiasemtempo.com.br\/home\/wp-json\/wp\/v2\/media?parent=71126"}],"wp:term":[{"taxonomy":"category","embeddable":true,"href":"https:\/\/goiasemtempo.com.br\/home\/wp-json\/wp\/v2\/categories?post=71126"},{"taxonomy":"post_tag","embeddable":true,"href":"https:\/\/goiasemtempo.com.br\/home\/wp-json\/wp\/v2\/tags?post=71126"}],"curies":[{"name":"wp","href":"https:\/\/api.w.org\/{rel}","templated":true}]}}