{"id":71087,"date":"2023-05-31T19:13:12","date_gmt":"2023-05-31T19:13:12","guid":{"rendered":"https:\/\/goiasemtempo.com.br\/home\/?p=71087"},"modified":"2023-05-31T19:13:12","modified_gmt":"2023-05-31T19:13:12","slug":"tchuchuca-de-ditd0res-diz-nicolas-ferreira-sobre-lula-apoiar-maduro","status":"publish","type":"post","link":"https:\/\/goiasemtempo.com.br\/home\/tchuchuca-de-ditd0res-diz-nicolas-ferreira-sobre-lula-apoiar-maduro\/","title":{"rendered":"\u201cTchuchuca de dit@d0res\u201d, diz Nicolas Ferreira sobre Lula apoiar Maduro"},"content":{"rendered":"<p>Em um discurso incisivo durante uma sess\u00e3o da C\u00e2mara dos Deputados, o Deputado Federal Nicolas Ferreira, do Partido Liberal (PL) de Minas Gerais, fez duras cr\u00edticas ao presidente Lula e expressou seu apoio a uma Mo\u00e7\u00e3o de Rep\u00fadio ao presidente da Venezuela, Nicol\u00e1s Maduro.<\/p>\n<p>O pronunciamento do deputado Ferreira teve como objetivo denunciar o claro luxo e ostenta\u00e7\u00e3o de Maduro em meio \u00e0 crise econ\u00f4mica e social que assola a Venezuela. Segundo o parlamentar, o presidente venezuelano vivenciou uma vida de riqueza enquanto seu povo sofre com a pobreza e com a escassez de recursos b\u00e1sicos.<\/p>\n<p>Durante seu discurso, Ferreira n\u00e3o poupou palavras ao se referir ao ex-presidente Lula, chamando-o de \u201cTchutchuca de ditadores\u201d. Essa express\u00e3o pejorativa sugere uma cr\u00edtica \u00e0 suposta simpatia de Lula em rela\u00e7\u00e3o a l\u00edderes autorit\u00e1rios, como Maduro.<\/p>\n<p>Ao apoiar a Mo\u00e7\u00e3o de Rep\u00fadio ao l\u00edder venezuelano, Nicolas Ferreira refor\u00e7ou a necessidade de denunciar as a\u00e7\u00f5es do governo Maduro, que t\u00eam sido alvo de cr\u00edticas internacionais devido \u00e0 viola\u00e7\u00e3o dos direitos humanos, falta de democracia e medidas desastrosas.<\/p>\n<div class=\"code-block code-block-7\"><ins class=\"adsbygoogle\" data-ad-layout=\"in-article\" data-ad-format=\"fluid\" data-ad-client=\"ca-pub-2026331402287950\" data-ad-slot=\"8790786204\" data-adsbygoogle-status=\"done\" data-ad-status=\"filled\"><\/p>\n<div id=\"aswift_4_host\" tabindex=\"0\" title=\"Advertisement\" aria-label=\"Advertisement\"><span style=\"background-color: #ffffff;\">Vale ressaltar que o posicionamento do deputado Ferreira reflete sua opini\u00e3o pessoal e n\u00e3o necessariamente representa a posi\u00e7\u00e3o oficial do Partido Liberal ou do Congresso Nacional. No entanto, suas palavras geraram debate e intensificaram o debate sobre a situa\u00e7\u00e3o na Venezuela e a rela\u00e7\u00e3o entre Lula e Maduro.<\/span><\/div>\n<p><\/ins><\/div>\n<p>&nbsp;<\/p>\n<p>\u00c9 importante destacar que o pa\u00eds sul-americano enfrenta uma grave crise humanit\u00e1ria, com chorosa galopante, escassez de alimentos e medicamentos, al\u00e9m de um aumento da viol\u00eancia. Diante desse cen\u00e1rio, as den\u00fancias de luxo e ostenta\u00e7\u00e3o atribu\u00eddas ao presidente Maduro t\u00eam sido fonte de revolta tanto internamente quanto internacionalmente.<\/p>\n","protected":false},"excerpt":{"rendered":"<p>Em um discurso incisivo durante uma sess\u00e3o da C\u00e2mara dos Deputados, o Deputado Federal Nicolas Ferreira, do Partido Liberal (PL) de Minas Gerais, fez duras cr\u00edticas ao presidente Lula e expressou seu apoio a uma Mo\u00e7\u00e3o de Rep\u00fadio ao presidente da Venezuela, Nicol\u00e1s Maduro. O pronunciamento do deputado Ferreira teve como objetivo denunciar o claro &hellip;<\/p>\n","protected":false},"author":3,"featured_media":71088,"comment_status":"closed","ping_status":"open","sticky":false,"template":"","format":"standard","meta":{"footnotes":""},"categories":[19,4],"tags":[],"class_list":["post-71087","post","type-post","status-publish","format-standard","has-post-thumbnail","hentry","category-manchete","category-ultimas-noticias"],"_links":{"self":[{"href":"https:\/\/goiasemtempo.com.br\/home\/wp-json\/wp\/v2\/posts\/71087","targetHints":{"allow":["GET"]}}],"collection":[{"href":"https:\/\/goiasemtempo.com.br\/home\/wp-json\/wp\/v2\/posts"}],"about":[{"href":"https:\/\/goiasemtempo.com.br\/home\/wp-json\/wp\/v2\/types\/post"}],"author":[{"embeddable":true,"href":"https:\/\/goiasemtempo.com.br\/home\/wp-json\/wp\/v2\/users\/3"}],"replies":[{"embeddable":true,"href":"https:\/\/goiasemtempo.com.br\/home\/wp-json\/wp\/v2\/comments?post=71087"}],"version-history":[{"count":1,"href":"https:\/\/goiasemtempo.com.br\/home\/wp-json\/wp\/v2\/posts\/71087\/revisions"}],"predecessor-version":[{"id":71089,"href":"https:\/\/goiasemtempo.com.br\/home\/wp-json\/wp\/v2\/posts\/71087\/revisions\/71089"}],"wp:featuredmedia":[{"embeddable":true,"href":"https:\/\/goiasemtempo.com.br\/home\/wp-json\/wp\/v2\/media\/71088"}],"wp:attachment":[{"href":"https:\/\/goiasemtempo.com.br\/home\/wp-json\/wp\/v2\/media?parent=71087"}],"wp:term":[{"taxonomy":"category","embeddable":true,"href":"https:\/\/goiasemtempo.com.br\/home\/wp-json\/wp\/v2\/categories?post=71087"},{"taxonomy":"post_tag","embeddable":true,"href":"https:\/\/goiasemtempo.com.br\/home\/wp-json\/wp\/v2\/tags?post=71087"}],"curies":[{"name":"wp","href":"https:\/\/api.w.org\/{rel}","templated":true}]}}