{"id":71078,"date":"2023-05-30T14:55:40","date_gmt":"2023-05-30T14:55:40","guid":{"rendered":"https:\/\/goiasemtempo.com.br\/home\/?p=71078"},"modified":"2023-05-30T14:55:40","modified_gmt":"2023-05-30T14:55:40","slug":"mpgo-manda-governo-de-goias-fornecer-professor-de-apoio-a-alunos-com-deficiencia-em-escolas-de-cristalina","status":"publish","type":"post","link":"https:\/\/goiasemtempo.com.br\/home\/mpgo-manda-governo-de-goias-fornecer-professor-de-apoio-a-alunos-com-deficiencia-em-escolas-de-cristalina\/","title":{"rendered":"MPGO manda governo de Goi\u00e1s fornecer professor de apoio a alunos com defici\u00eancia em escolas de Cristalina"},"content":{"rendered":"<p>Pedido liminar feito em a\u00e7\u00e3o proposta pelo Minist\u00e9rio P\u00fablico de Goi\u00e1s (MPGO) foi acolhido pela Justi\u00e7a, determinando que\u00a0<strong>o Estado de Goi\u00e1s forne\u00e7a profissionais de apoio em n\u00famero suficiente para atender os alunos com defici\u00eancia da rede estadual de ensino em Cristalina.<\/strong><\/p>\n<p>Na a\u00e7\u00e3o, o promotor de Justi\u00e7a Caio Affonso Bizon apontou que in\u00fameros pais de alunas e alunos com defici\u00eancia, estudantes da rede estadual de ensino em Cristalina,\u00a0<strong>procuraram o Minist\u00e9rio P\u00fablico para relatar a aus\u00eancia de professores de apoio e higienizadores nas escolas estaduais<\/strong>.\u00a0Contudo, mesmo ap\u00f3s expedi\u00e7\u00f5es de of\u00edcios e tratativas com a Coordena\u00e7\u00e3o Regional de Educa\u00e7\u00e3o, n\u00e3o foi poss\u00edvel resolver a situa\u00e7\u00e3o extrajudicialmente, raz\u00e3o pela qual foi necess\u00e1rio fazer o pedido \u00e0 Justi\u00e7a.<\/p>\n<p>Na decis\u00e3o, foi determinada a oferta de profissionais de apoio em n\u00famero suficiente, especialmente professores de apoio e higienizadores, devendo o Estado apresentar ao Ju\u00edzo da Inf\u00e2ncia e Juventude de Cristalina, em at\u00e9 30 dias, a comprova\u00e7\u00e3o documental de que cumpriu esta obriga\u00e7\u00e3o. Para tanto, dever\u00e1 ainda apresentar levantamento dos alunos com necessidades especiais matriculados em cada unidade de ensino estadual da cidade e do quantitativo de profissionais que os atendem.<\/p>\n<p>Em caso de descumprimento, ser\u00e1 imposta a pena de incid\u00eancia no crime elencado no artigo 330 do C\u00f3digo Penal (crime de desobedi\u00eancia) e aplicada multa di\u00e1ria pessoal ao governador do Estado no valor de R$ 1 mil, limitado a 30 dias.<\/p>\n<p>Na decis\u00e3o, \u00e9 salientado que \u00e9 \u201c<strong>assegurada \u00e0 crian\u00e7a com defici\u00eancia a contrata\u00e7\u00e3o de profissionais capacitados para acompanhamento especializado e ado\u00e7\u00e3o de atendimento singularizado, de forma a garantir sua integra\u00e7\u00e3o na escola<\/strong>\u201d.<\/p>\n<p><em>(Texto: Cristina Rosa\/Assessoria de Comunica\u00e7\u00e3o Social do MPGO &#8211; foto: Banco de Imagem)<\/em><\/p>\n","protected":false},"excerpt":{"rendered":"<p>Pedido liminar feito em a\u00e7\u00e3o proposta pelo Minist\u00e9rio P\u00fablico de Goi\u00e1s (MPGO) foi acolhido pela Justi\u00e7a, determinando que\u00a0o Estado de Goi\u00e1s forne\u00e7a profissionais de apoio em n\u00famero suficiente para atender os alunos com defici\u00eancia da rede estadual de ensino em Cristalina. Na a\u00e7\u00e3o, o promotor de Justi\u00e7a Caio Affonso Bizon apontou que in\u00fameros pais de &hellip;<\/p>\n","protected":false},"author":3,"featured_media":71079,"comment_status":"closed","ping_status":"open","sticky":false,"template":"","format":"standard","meta":{"_exactmetrics_skip_tracking":false,"_exactmetrics_sitenote_active":false,"_exactmetrics_sitenote_note":"","_exactmetrics_sitenote_category":0,"footnotes":""},"categories":[15,26,19],"tags":[],"_links":{"self":[{"href":"https:\/\/goiasemtempo.com.br\/home\/wp-json\/wp\/v2\/posts\/71078"}],"collection":[{"href":"https:\/\/goiasemtempo.com.br\/home\/wp-json\/wp\/v2\/posts"}],"about":[{"href":"https:\/\/goiasemtempo.com.br\/home\/wp-json\/wp\/v2\/types\/post"}],"author":[{"embeddable":true,"href":"https:\/\/goiasemtempo.com.br\/home\/wp-json\/wp\/v2\/users\/3"}],"replies":[{"embeddable":true,"href":"https:\/\/goiasemtempo.com.br\/home\/wp-json\/wp\/v2\/comments?post=71078"}],"version-history":[{"count":1,"href":"https:\/\/goiasemtempo.com.br\/home\/wp-json\/wp\/v2\/posts\/71078\/revisions"}],"predecessor-version":[{"id":71080,"href":"https:\/\/goiasemtempo.com.br\/home\/wp-json\/wp\/v2\/posts\/71078\/revisions\/71080"}],"wp:featuredmedia":[{"embeddable":true,"href":"https:\/\/goiasemtempo.com.br\/home\/wp-json\/wp\/v2\/media\/71079"}],"wp:attachment":[{"href":"https:\/\/goiasemtempo.com.br\/home\/wp-json\/wp\/v2\/media?parent=71078"}],"wp:term":[{"taxonomy":"category","embeddable":true,"href":"https:\/\/goiasemtempo.com.br\/home\/wp-json\/wp\/v2\/categories?post=71078"},{"taxonomy":"post_tag","embeddable":true,"href":"https:\/\/goiasemtempo.com.br\/home\/wp-json\/wp\/v2\/tags?post=71078"}],"curies":[{"name":"wp","href":"https:\/\/api.w.org\/{rel}","templated":true}]}}