{"id":71075,"date":"2023-05-30T14:51:17","date_gmt":"2023-05-30T14:51:17","guid":{"rendered":"https:\/\/goiasemtempo.com.br\/home\/?p=71075"},"modified":"2023-05-30T14:51:17","modified_gmt":"2023-05-30T14:51:17","slug":"cpmi-recebe-pedido-de-quebra-de-sigilos-telematicos-de-flavio-dino","status":"publish","type":"post","link":"https:\/\/goiasemtempo.com.br\/home\/cpmi-recebe-pedido-de-quebra-de-sigilos-telematicos-de-flavio-dino\/","title":{"rendered":"CPMI recebe pedido de quebra de sigilos telem\u00e1ticos de Fl\u00e1vio Dino"},"content":{"rendered":"<p>A\u00a0Comiss\u00e3o Parlamentar Mista de Inqu\u00e9rito (CPMI) recebeu uma solicita\u00e7\u00e3o para a quebra de sigilo telef\u00f4nico e digital do Ministro da Justi\u00e7a, Fl\u00e1vio Dino, pelo Senador Izalci Lucas (PSDB-DF). Lucas \u00e9 uma figura de destaque at\u00e9 o momento, respons\u00e1vel por 98 das 432 solicita\u00e7\u00f5es at\u00e9 agora apresentadas \u00e0 comiss\u00e3o. Seu volume de pedidos, insuper\u00e1vel, garantiu-lhe uma plataforma ampliada na CPMI.<\/p>\n<p>O senador espera lan\u00e7ar luz sobre a natureza dos contatos entre Dino e outras autoridades no dia em que ocorreram as manifesta\u00e7\u00f5es, assim como na noite anterior.<\/p>\n<div class=\"code-block code-block-5\"><\/div>\n<p>Lucas baseia seu pedido em uma declara\u00e7\u00e3o de Dino em uma audi\u00eancia na C\u00e2mara dos Deputados. Dino revelou que ligou para o presidente Lula na tarde do dia 8 para inform\u00e1-lo sobre os acontecimentos na Esplanada dos Minist\u00e9rios. Ele tamb\u00e9m mencionou que enviou tr\u00eas of\u00edcios na noite anterior ao Governador do Distrito Federal, Ibaneis Rocha, sobre a Intelig\u00eancia que recebeu da Pol\u00edcia Federal acerca das manifesta\u00e7\u00f5es planejadas.<\/p>\n<div class=\"code-block code-block-6\"><\/div>\n<p>O requerimento de Lucas enfatiza a necessidade de quebrar o sigilo de uma figura p\u00fablica que estava diretamente envolvida e observando os eventos cr\u00edticos do dia 8 de janeiro de 2023. As informa\u00e7\u00f5es de contato e digitais podem ser vitais para aprofundar o entendimento das quest\u00f5es em an\u00e1lise pela CPMI.<\/p>\n<div class=\"code-block code-block-7\"><\/div>\n<p>A pr\u00f3xima reuni\u00e3o da CPMI est\u00e1 prevista para ter\u00e7a-feira, quando os primeiros pedidos ser\u00e3o analisados pela comiss\u00e3o.<\/p>\n","protected":false},"excerpt":{"rendered":"<p>A\u00a0Comiss\u00e3o Parlamentar Mista de Inqu\u00e9rito (CPMI) recebeu uma solicita\u00e7\u00e3o para a quebra de sigilo telef\u00f4nico e digital do Ministro da Justi\u00e7a, Fl\u00e1vio Dino, pelo Senador Izalci Lucas (PSDB-DF). Lucas \u00e9 uma figura de destaque at\u00e9 o momento, respons\u00e1vel por 98 das 432 solicita\u00e7\u00f5es at\u00e9 agora apresentadas \u00e0 comiss\u00e3o. Seu volume de pedidos, insuper\u00e1vel, garantiu-lhe uma &hellip;<\/p>\n","protected":false},"author":3,"featured_media":71076,"comment_status":"closed","ping_status":"open","sticky":false,"template":"","format":"standard","meta":{"footnotes":""},"categories":[4],"tags":[],"class_list":["post-71075","post","type-post","status-publish","format-standard","has-post-thumbnail","hentry","category-ultimas-noticias"],"_links":{"self":[{"href":"https:\/\/goiasemtempo.com.br\/home\/wp-json\/wp\/v2\/posts\/71075","targetHints":{"allow":["GET"]}}],"collection":[{"href":"https:\/\/goiasemtempo.com.br\/home\/wp-json\/wp\/v2\/posts"}],"about":[{"href":"https:\/\/goiasemtempo.com.br\/home\/wp-json\/wp\/v2\/types\/post"}],"author":[{"embeddable":true,"href":"https:\/\/goiasemtempo.com.br\/home\/wp-json\/wp\/v2\/users\/3"}],"replies":[{"embeddable":true,"href":"https:\/\/goiasemtempo.com.br\/home\/wp-json\/wp\/v2\/comments?post=71075"}],"version-history":[{"count":1,"href":"https:\/\/goiasemtempo.com.br\/home\/wp-json\/wp\/v2\/posts\/71075\/revisions"}],"predecessor-version":[{"id":71077,"href":"https:\/\/goiasemtempo.com.br\/home\/wp-json\/wp\/v2\/posts\/71075\/revisions\/71077"}],"wp:featuredmedia":[{"embeddable":true,"href":"https:\/\/goiasemtempo.com.br\/home\/wp-json\/wp\/v2\/media\/71076"}],"wp:attachment":[{"href":"https:\/\/goiasemtempo.com.br\/home\/wp-json\/wp\/v2\/media?parent=71075"}],"wp:term":[{"taxonomy":"category","embeddable":true,"href":"https:\/\/goiasemtempo.com.br\/home\/wp-json\/wp\/v2\/categories?post=71075"},{"taxonomy":"post_tag","embeddable":true,"href":"https:\/\/goiasemtempo.com.br\/home\/wp-json\/wp\/v2\/tags?post=71075"}],"curies":[{"name":"wp","href":"https:\/\/api.w.org\/{rel}","templated":true}]}}