{"id":71066,"date":"2023-05-30T14:38:40","date_gmt":"2023-05-30T14:38:40","guid":{"rendered":"https:\/\/goiasemtempo.com.br\/home\/?p=71066"},"modified":"2023-05-30T14:38:40","modified_gmt":"2023-05-30T14:38:40","slug":"projeto-estrelas-do-araguaia-2023","status":"publish","type":"post","link":"https:\/\/goiasemtempo.com.br\/home\/projeto-estrelas-do-araguaia-2023\/","title":{"rendered":"Projeto Estrelas do Araguaia 2023"},"content":{"rendered":"<p>Na \u00faltima segunda-feira (29), o produtor cultural Sergei Cruvinel promoveu o lan\u00e7amento oficial da 20\u00aa edi\u00e7\u00e3o do Projeto Estrelas do Araguaia 2023. O an\u00fancio foi feito durante o evento promovido pelo Governo do Estado de Goi\u00e1s da Temporada Mais Araguaia 2023.<\/p>\n<p>Al\u00e9m do governador Ronaldo Caiado, outras autoridades estiveram presentes no evento como os secret\u00e1rios C\u00e9sar Moura, da Secretaria da Retomada, e Yara Nunes, da Secretaria de Estado de Cultura de Goi\u00e1s.<\/p>\n<p>Sobre o Projeto Estrelas do Araguaia<\/p>\n<p>O Projeto Estrelas do Araguaia leva aos acampamentos de Itacai\u00fa, Araun\u00e3, Cangas, Cocalinho, Bandeirantes e Luiz Alves, apresenta\u00e7\u00f5es culturais com artistas, escritores, poetas, m\u00fasicos goianos e recrea\u00e7\u00e3o para as crian\u00e7as com a tem\u00e1tica voltada para a preserva\u00e7\u00e3o ambiental e distribui\u00e7\u00e3o de brindes. Todas essas atividades s\u00e3o realizadas gratuitamente.<\/p>\n<p>Servi\u00e7o:<br \/>\nProjeto Estrelas do Araguaia 2023<br \/>\nContato: (62) 9 9614-2711<br \/>\nEmail: projeto@estrelasdoaraguaia.com.br<br \/>\nSite: estrelasdoaraguaia.com.br<br \/>\nInstagram: @estrelasdoaraguaia<\/p>\n<p>Assessoria de Imprensa:<br \/>\nPalavra Comunica\u00e7\u00e3o<br \/>\nContato: (62) 9 8162-4898 \/ (62) 9 9979-5256<br \/>\nnoticias@palavracom.com<br \/>\n@palavracomunicacao<\/p>\n","protected":false},"excerpt":{"rendered":"<p>Na \u00faltima segunda-feira (29), o produtor cultural Sergei Cruvinel promoveu o lan\u00e7amento oficial da 20\u00aa edi\u00e7\u00e3o do Projeto Estrelas do Araguaia 2023. O an\u00fancio foi feito durante o evento promovido pelo Governo do Estado de Goi\u00e1s da Temporada Mais Araguaia 2023. Al\u00e9m do governador Ronaldo Caiado, outras autoridades estiveram presentes no evento como os secret\u00e1rios &hellip;<\/p>\n","protected":false},"author":3,"featured_media":71067,"comment_status":"closed","ping_status":"open","sticky":false,"template":"","format":"standard","meta":{"_exactmetrics_skip_tracking":false,"_exactmetrics_sitenote_active":false,"_exactmetrics_sitenote_note":"","_exactmetrics_sitenote_category":0,"footnotes":""},"categories":[491,32],"tags":[],"_links":{"self":[{"href":"https:\/\/goiasemtempo.com.br\/home\/wp-json\/wp\/v2\/posts\/71066"}],"collection":[{"href":"https:\/\/goiasemtempo.com.br\/home\/wp-json\/wp\/v2\/posts"}],"about":[{"href":"https:\/\/goiasemtempo.com.br\/home\/wp-json\/wp\/v2\/types\/post"}],"author":[{"embeddable":true,"href":"https:\/\/goiasemtempo.com.br\/home\/wp-json\/wp\/v2\/users\/3"}],"replies":[{"embeddable":true,"href":"https:\/\/goiasemtempo.com.br\/home\/wp-json\/wp\/v2\/comments?post=71066"}],"version-history":[{"count":1,"href":"https:\/\/goiasemtempo.com.br\/home\/wp-json\/wp\/v2\/posts\/71066\/revisions"}],"predecessor-version":[{"id":71068,"href":"https:\/\/goiasemtempo.com.br\/home\/wp-json\/wp\/v2\/posts\/71066\/revisions\/71068"}],"wp:featuredmedia":[{"embeddable":true,"href":"https:\/\/goiasemtempo.com.br\/home\/wp-json\/wp\/v2\/media\/71067"}],"wp:attachment":[{"href":"https:\/\/goiasemtempo.com.br\/home\/wp-json\/wp\/v2\/media?parent=71066"}],"wp:term":[{"taxonomy":"category","embeddable":true,"href":"https:\/\/goiasemtempo.com.br\/home\/wp-json\/wp\/v2\/categories?post=71066"},{"taxonomy":"post_tag","embeddable":true,"href":"https:\/\/goiasemtempo.com.br\/home\/wp-json\/wp\/v2\/tags?post=71066"}],"curies":[{"name":"wp","href":"https:\/\/api.w.org\/{rel}","templated":true}]}}