{"id":70925,"date":"2023-05-22T14:47:21","date_gmt":"2023-05-22T14:47:21","guid":{"rendered":"https:\/\/goiasemtempo.com.br\/home\/?p=70925"},"modified":"2023-05-22T14:47:21","modified_gmt":"2023-05-22T14:47:21","slug":"fica-abre-inscricoes-para-selecao-de-atividades-artisticas-culturais-e-acoes-formativas-sobre-a-preservacao-do-meio-ambiente","status":"publish","type":"post","link":"https:\/\/goiasemtempo.com.br\/home\/fica-abre-inscricoes-para-selecao-de-atividades-artisticas-culturais-e-acoes-formativas-sobre-a-preservacao-do-meio-ambiente\/","title":{"rendered":"Fica abre inscri\u00e7\u00f5es para sele\u00e7\u00e3o de atividades art\u00edsticas, culturais e a\u00e7\u00f5es formativas sobre a preserva\u00e7\u00e3o do meio ambiente"},"content":{"rendered":"<p>Est\u00e3o abertas as inscri\u00e7\u00f5es para a sele\u00e7\u00e3o de ministrantes de a\u00e7\u00f5es formativas sobre a preserva\u00e7\u00e3o do meio ambiente e tamb\u00e9m para a sele\u00e7\u00e3o de artistas locais da cidade de Goi\u00e1s para realiza\u00e7\u00e3o de apresenta\u00e7\u00f5es art\u00edsticas e culturais durante o 24\u00ba Festival Internacional de Cinema e V\u00eddeo Ambiental (Fica). As inscri\u00e7\u00f5es s\u00e3o gratuitas e devem ser feitas at\u00e9 o dia 24 de maio, exclusivamente por meio de preenchimento e envio de formul\u00e1rio on-line, dispon\u00edvel no site https:\/\/fica.go.gov.br.<\/p>\n<p>A 24\u00ba edi\u00e7\u00e3o do Fica ser\u00e1 realizada entre os dias 13 e 18 de junho de 2023, na cidade de Goi\u00e1s. Promovido pelo Governo de Goi\u00e1s, por meio da Secretaria de Estado da Cultura (Secult), com correaliza\u00e7\u00e3o da Universidade Federal de Goi\u00e1s (UFG), por meio da Funda\u00e7\u00e3o R\u00e1dio e Televis\u00e3o Educativa (FRTVE), o evento tamb\u00e9m conta com a parceria da Secretaria de Estado da Retomada, Goi\u00e1s Social, Universidade Estadual de Goi\u00e1s (UEG), Instituto Federal de Goi\u00e1s (UFG), Servi\u00e7o Social do Com\u00e9rcio (Sesc) e Prefeitura da cidade de Goi\u00e1s.<\/p>\n<p>As a\u00e7\u00f5es formativas sobre a preserva\u00e7\u00e3o do meio ambiente poder\u00e3o ter o formato de minicurso ou oficina, previstas em plano de trabalho para a realiza\u00e7\u00e3o do Fica 2023. Poder\u00e3o participar projetos propostos por pessoas f\u00edsicas ou jur\u00eddicas, residentes ou com sede no Estado de Goi\u00e1s. O participante da sele\u00e7\u00e3o somente ser\u00e1 considerado inscrito ap\u00f3s submeter on-line o formul\u00e1rio devidamente preenchido e acompanhado de uma lista de documentos.<\/p>\n<p>A UFG e a Funda\u00e7\u00e3o RTVE ser\u00e3o respons\u00e1veis pela indica\u00e7\u00e3o de tr\u00eas membros que integrar\u00e3o a Comiss\u00e3o de Sele\u00e7\u00e3o de propostas de a\u00e7\u00f5es formativas sobre a preserva\u00e7\u00e3o do meio ambiente. Cabe a Comiss\u00e3o receber, analisar e selecionar os trabalhos. Ser\u00e3o selecionados quatro projetos de a\u00e7\u00f5es formativas sobre a preserva\u00e7\u00e3o do meio ambiente.<\/p>\n<p>Atividades art\u00edsticas e culturais<br \/>\nPoder\u00e3o participar da sele\u00e7\u00e3o de artistas locais da cidade de Goi\u00e1s para realiza\u00e7\u00e3o de apresenta\u00e7\u00f5es art\u00edsticas e culturais durante o 24\u00ba Fica projetos propostos por pessoas f\u00edsicas ou jur\u00eddicas, estas \u00faltimas, cujo ramo de atividade \u2013 c\u00f3digo da atividade econ\u00f4mica registrada \u2013 seja compat\u00edvel e pertinente ao objeto da contrata\u00e7\u00e3o. S\u00f3 poder\u00e3o participar desta programa\u00e7\u00e3o projetos art\u00edsticos e culturais que foram produzidos e\/ou executados por artistas residentes na Cidade de Goi\u00e1s, com comprova\u00e7\u00e3o de resid\u00eancia.<\/p>\n<p>No total, ser\u00e3o ofertadas 75 vagas para atividades art\u00edsticas e culturais em diversas modalidades. Entre elas, apresenta\u00e7\u00f5es musicais, apresenta\u00e7\u00f5es circenses, manifesta\u00e7\u00f5es carnavalescas, festejos da cultura popular, manifesta\u00e7\u00f5es de capoeira, vocaliza\u00e7\u00e3o de poesias, teatro, dan\u00e7a, conta\u00e7\u00e3o de hist\u00f3rias, lan\u00e7amentos ou apresenta\u00e7\u00f5es de livros, feira de artesanato, feira de gastronomia e feira de artes visuais.<\/p>\n<p>O Conselho Municipal de Cultura da Cidade de Goi\u00e1s ser\u00e1 respons\u00e1vel pela indica\u00e7\u00e3o de cinco membros para integrar a Comiss\u00e3o de Curadoria de propostas de artistas locais. Essa Comiss\u00e3o vai receber, analisar e selecionar os trabalhos art\u00edsticos, bem como conferir a documenta\u00e7\u00e3o exigida para a contrata\u00e7\u00e3o.<\/p>\n<p><strong>Servi\u00e7o<\/strong><br \/>\nSele\u00e7\u00e3o de ministrantes das a\u00e7\u00f5es formativas sobre a preserva\u00e7\u00e3o do meio ambiente<br \/>\nSele\u00e7\u00e3o de artistas da cidade de Goi\u00e1s para apresenta\u00e7\u00f5es art\u00edsticas e culturais*<br \/>\nInscri\u00e7\u00f5es: at\u00e9 dia 24 de maio<br \/>\nLocal: https:\/\/fica.go.gov.br\/<\/p>\n<p><strong>Assessoria de imprensa<\/strong><br \/>\n<strong>Palavra Comunica\u00e7\u00e3o<\/strong><br \/>\nContato: (62) 9.8162-4898 \/ 9.9979-5256<br \/>\nEmail: not\u00edcias@palavracom.com<br \/>\nInstagram: @palavracomunicacao<\/p>\n<p><img decoding=\"async\" src=\"https:\/\/goiasemtempo.com.br\/home\/wp-content\/uploads\/2023\/05\/8d2ac05a-ea33-476a-9267-ed2455beb2e4.jpg\" \/><\/p>\n<p>&nbsp;<\/p>\n<p><img decoding=\"async\" src=\"https:\/\/goiasemtempo.com.br\/home\/wp-content\/uploads\/2023\/05\/284d5774-212f-458d-b1dd-ff31c07d5f58.jpg\" \/><\/p>\n<p>&nbsp;<\/p>\n","protected":false},"excerpt":{"rendered":"<p>Est\u00e3o abertas as inscri\u00e7\u00f5es para a sele\u00e7\u00e3o de ministrantes de a\u00e7\u00f5es formativas sobre a preserva\u00e7\u00e3o do meio ambiente e tamb\u00e9m para a sele\u00e7\u00e3o de artistas locais da cidade de Goi\u00e1s para realiza\u00e7\u00e3o de apresenta\u00e7\u00f5es art\u00edsticas e culturais durante o 24\u00ba Festival Internacional de Cinema e V\u00eddeo Ambiental (Fica). As inscri\u00e7\u00f5es s\u00e3o gratuitas e devem ser &hellip;<\/p>\n","protected":false},"author":3,"featured_media":70928,"comment_status":"closed","ping_status":"open","sticky":false,"template":"","format":"standard","meta":{"_exactmetrics_skip_tracking":false,"_exactmetrics_sitenote_active":false,"_exactmetrics_sitenote_note":"","_exactmetrics_sitenote_category":0,"footnotes":""},"categories":[491,41,32],"tags":[],"_links":{"self":[{"href":"https:\/\/goiasemtempo.com.br\/home\/wp-json\/wp\/v2\/posts\/70925"}],"collection":[{"href":"https:\/\/goiasemtempo.com.br\/home\/wp-json\/wp\/v2\/posts"}],"about":[{"href":"https:\/\/goiasemtempo.com.br\/home\/wp-json\/wp\/v2\/types\/post"}],"author":[{"embeddable":true,"href":"https:\/\/goiasemtempo.com.br\/home\/wp-json\/wp\/v2\/users\/3"}],"replies":[{"embeddable":true,"href":"https:\/\/goiasemtempo.com.br\/home\/wp-json\/wp\/v2\/comments?post=70925"}],"version-history":[{"count":1,"href":"https:\/\/goiasemtempo.com.br\/home\/wp-json\/wp\/v2\/posts\/70925\/revisions"}],"predecessor-version":[{"id":70929,"href":"https:\/\/goiasemtempo.com.br\/home\/wp-json\/wp\/v2\/posts\/70925\/revisions\/70929"}],"wp:featuredmedia":[{"embeddable":true,"href":"https:\/\/goiasemtempo.com.br\/home\/wp-json\/wp\/v2\/media\/70928"}],"wp:attachment":[{"href":"https:\/\/goiasemtempo.com.br\/home\/wp-json\/wp\/v2\/media?parent=70925"}],"wp:term":[{"taxonomy":"category","embeddable":true,"href":"https:\/\/goiasemtempo.com.br\/home\/wp-json\/wp\/v2\/categories?post=70925"},{"taxonomy":"post_tag","embeddable":true,"href":"https:\/\/goiasemtempo.com.br\/home\/wp-json\/wp\/v2\/tags?post=70925"}],"curies":[{"name":"wp","href":"https:\/\/api.w.org\/{rel}","templated":true}]}}