{"id":70792,"date":"2023-05-12T20:03:14","date_gmt":"2023-05-12T20:03:14","guid":{"rendered":"https:\/\/goiasemtempo.com.br\/home\/?p=70792"},"modified":"2023-05-12T20:03:14","modified_gmt":"2023-05-12T20:03:14","slug":"documentos-comprovam-presenca-de-esquerdistas-nos-atos-de-8-1-diz-site","status":"publish","type":"post","link":"https:\/\/goiasemtempo.com.br\/home\/documentos-comprovam-presenca-de-esquerdistas-nos-atos-de-8-1-diz-site\/","title":{"rendered":"Documentos comprovam presen\u00e7a de esquerdistas nos atos de 8\/1, diz site"},"content":{"rendered":"<p>Segundo documentos obtidos pela\u00a0<a href=\"https:\/\/revistaoeste.com\/politica\/exclusivo-filiados-a-partidos-de-esquerda-estavam-no-8-de-janeiro\/\" target=\"_blank\" rel=\"noopener\">Revista Oeste<\/a>, filiados e ex-integrantes de partidos de esquerda estiveram presentes nos protestos ocorridos em 8 de janeiro, que resultaram em atos de vandalismo contra as sedes dos Tr\u00eas Poderes. Entre os envolvidos, destacam-se Elisiane Lucia Harms, filiada ao PT desde setembro de 2009, Marina Camila Guedes Moreira, militante do PCdoB desde 2015, e Ana Elza Pereira da Silva, vinculada ao Cidadania (ex-PPS) por 22 anos.<\/p>\n<p>Atualmente, Elisiane e Marina est\u00e3o em liberdade provis\u00f3ria, usando tornozeleiras eletr\u00f4nicas, em seus respectivos estados. J\u00e1 Ana Elza permanece detida na Colmeia, no Distrito Federal. A lista de ex-filiados inclui Edna Borges Correa, que foi filiada ao PT por uma d\u00e9cada e deixou o partido apenas em abril do ano passado. Ela tamb\u00e9m foi membro do antigo PPS.<\/p>\n<div class=\"code-block code-block-5\"><ins class=\"adsbygoogle\" data-ad-layout=\"in-article\" data-ad-format=\"fluid\" data-ad-client=\"ca-pub-2026331402287950\" data-ad-slot=\"8790786204\" data-adsbygoogle-status=\"done\" data-ad-status=\"filled\"><\/p>\n<div id=\"aswift_3_host\" tabindex=\"0\" title=\"Advertisement\" aria-label=\"Advertisement\"><span style=\"background-color: #ffffff;\">Outro nome mencionado \u00e9 Jupira Silvana da Cruz Rodrigues, detida juntamente com os demais, que foi filiada ao PT de 2001 a 2007.<\/span><\/div>\n<div tabindex=\"0\" title=\"Advertisement\" aria-label=\"Advertisement\"><\/div>\n<p><\/ins><\/div>\n<div class=\"code-block code-block-6\">\n<div id=\"M819846ScriptRootC1338822_0bf5f\">\n<div id=\"MarketGidComposite1338822_0bf5f\">\n<div class=\"mgbox\">\n<div class=\"image-container\">Edna \u00e9 r\u00e9 em um processo que a acusa de participa\u00e7\u00e3o em organiza\u00e7\u00e3o criminosa. Ela e Jupira permanecem presas. Uma advogada recebeu reclama\u00e7\u00f5es de clientes detidas com Jupira, alegando que ela provoca confus\u00e3o com as outras detentas e j\u00e1 revelou ser de esquerda.<\/div>\n<div class=\"mgline teaser-16151455 type-w\" data-i=\"toKzYQ7Kxad6xEXbbk033ooC378qNDqzOPe0aw9fk2p2x9nVLohbr-YesXAgArDp0BTO9ByONT9H2XjaEDmAlg**\" data-observe-time=\"0\" data-observe-start=\"0\" data-observing=\"yes\">\n<div class=\"text_on_hover\">\n<p>At\u00e9 o momento, ve\u00edculos de comunica\u00e7\u00e3o da imprensa tradicional e o pr\u00f3prio PT descartam a possibilidade de haver infiltrados no protesto de 8 de janeiro, apesar dos v\u00eddeos registrados pelos pr\u00f3prios manifestantes.<\/p>\n<p>Apesar da relut\u00e2ncia do governo, que vem lutando arduamente contra, essa vers\u00e3o ser\u00e1 uma das linhas de investiga\u00e7\u00e3o da Comiss\u00e3o Parlamentar Mista de Inqu\u00e9rito (CPMI) do 8 de Janeiro no Congresso Nacional.<\/p>\n<div class=\"code-block code-block-8\"><ins class=\"adsbygoogle\" data-ad-client=\"ca-pub-2026331402287950\" data-ad-slot=\"9313530385\" data-ad-format=\"auto\" data-full-width-responsive=\"true\" data-adsbygoogle-status=\"done\" data-ad-status=\"filled\"><\/p>\n<div id=\"aswift_5_host\" tabindex=\"0\" title=\"Advertisement\" aria-label=\"Advertisement\"><a style=\"background-color: transparent;\" href=\"https:\/\/horabrasilia.com.br\/wp-content\/uploads\/2023\/05\/recortes-v1-2-1024x412jpg.webp\" target=\"_blank\" rel=\"noopener\"><img loading=\"lazy\" decoding=\"async\" class=\"wp-image-44579 size-full\" src=\"https:\/\/horabrasilia.com.br\/wp-content\/uploads\/2023\/05\/recortes-v1-2-1024x412jpg.webp\" sizes=\"auto, (max-width: 1024px) 100vw, 1024px\" srcset=\"https:\/\/horabrasilia.com.br\/wp-content\/uploads\/2023\/05\/recortes-v1-2-1024x412jpg.webp 1024w, https:\/\/horabrasilia.com.br\/wp-content\/uploads\/2023\/05\/recortes-v1-2-1024x412jpg-300x121.webp 300w, https:\/\/horabrasilia.com.br\/wp-content\/uploads\/2023\/05\/recortes-v1-2-1024x412jpg-150x60.webp 150w, https:\/\/horabrasilia.com.br\/wp-content\/uploads\/2023\/05\/recortes-v1-2-1024x412jpg-768x309.webp 768w\" alt=\"\" width=\"1024\" height=\"412\" \/><\/a><\/div>\n<p><\/ins><\/div>\n<figure id=\"attachment_44579\" class=\"wp-caption alignnone\" aria-describedby=\"caption-attachment-44579\"><figcaption id=\"caption-attachment-44579\" class=\"wp-caption-text\">Reprodu\u00e7\u00e3o Revista Oeste<\/figcaption><\/figure>\n<p><a href=\"https:\/\/horabrasilia.com.br\/wp-content\/uploads\/2023\/05\/recortes-v1-3-1024x412jpg.webp\" target=\"_blank\" rel=\"noopener\"><img loading=\"lazy\" decoding=\"async\" class=\"alignnone size-full wp-image-44577\" src=\"https:\/\/horabrasilia.com.br\/wp-content\/uploads\/2023\/05\/recortes-v1-3-1024x412jpg.webp\" sizes=\"auto, (max-width: 1024px) 100vw, 1024px\" srcset=\"https:\/\/horabrasilia.com.br\/wp-content\/uploads\/2023\/05\/recortes-v1-3-1024x412jpg.webp 1024w, https:\/\/horabrasilia.com.br\/wp-content\/uploads\/2023\/05\/recortes-v1-3-1024x412jpg-300x121.webp 300w, https:\/\/horabrasilia.com.br\/wp-content\/uploads\/2023\/05\/recortes-v1-3-1024x412jpg-150x60.webp 150w, https:\/\/horabrasilia.com.br\/wp-content\/uploads\/2023\/05\/recortes-v1-3-1024x412jpg-768x309.webp 768w\" alt=\"\" width=\"1024\" height=\"412\" \/><\/a>\u00a0<a href=\"https:\/\/horabrasilia.com.br\/wp-content\/uploads\/2023\/05\/recortes-v1-1-1024x418jpg.webp\" target=\"_blank\" rel=\"noopener\"><img loading=\"lazy\" decoding=\"async\" class=\"alignnone size-full wp-image-44578\" src=\"https:\/\/horabrasilia.com.br\/wp-content\/uploads\/2023\/05\/recortes-v1-1-1024x418jpg.webp\" sizes=\"auto, (max-width: 1024px) 100vw, 1024px\" srcset=\"https:\/\/horabrasilia.com.br\/wp-content\/uploads\/2023\/05\/recortes-v1-1-1024x418jpg.webp 1024w, https:\/\/horabrasilia.com.br\/wp-content\/uploads\/2023\/05\/recortes-v1-1-1024x418jpg-300x122.webp 300w, https:\/\/horabrasilia.com.br\/wp-content\/uploads\/2023\/05\/recortes-v1-1-1024x418jpg-150x61.webp 150w, https:\/\/horabrasilia.com.br\/wp-content\/uploads\/2023\/05\/recortes-v1-1-1024x418jpg-768x314.webp 768w\" alt=\"\" width=\"1024\" height=\"418\" \/><\/a><\/p>\n<div><\/div>\n<div class=\"the_champ_sharing_container the_champ_horizontal_sharing\" data-super-socializer-href=\"https:\/\/horabrasilia.com.br\/documentos-comprovam-presenca-de-esquerdistas-nos-atos-de-8-1-diz-site\/\">\n<div class=\"the_champ_sharing_title\"><\/div>\n<div class=\"the_champ_sharing_ul\"><\/div>\n<\/div>\n<div><\/div>\n<div class=\"code-block code-block-10\"><center><a title=\"Not\u00edcias no Telegram\" href=\"https:\/\/t.me\/horabrasilia\" target=\"_blank\" rel=\"noopener noreferrer nofollow\"><img decoding=\"async\" src=\"https:\/\/horabrasilia.com.br\/wp-content\/uploads\/2021\/11\/entrar-no-canal-do-telegram.png\" width=\"300\" \/><\/a><\/center><br \/>\n<ins class=\"adsbygoogle\" data-ad-client=\"ca-pub-2026331402287950\" data-ad-slot=\"9313530385\" data-ad-format=\"auto\" data-full-width-responsive=\"true\" data-adsbygoogle-status=\"done\" data-ad-status=\"filled\"><\/p>\n<div id=\"aswift_6_host\" tabindex=\"0\" title=\"Advertisement\" aria-label=\"Advertisement\"><\/div>\n<p><\/ins><\/div>\n<\/div>\n<\/div>\n<\/div>\n<\/div>\n<\/div>\n<\/div>\n","protected":false},"excerpt":{"rendered":"<p>Segundo documentos obtidos pela\u00a0Revista Oeste, filiados e ex-integrantes de partidos de esquerda estiveram presentes nos protestos ocorridos em 8 de janeiro, que resultaram em atos de vandalismo contra as sedes dos Tr\u00eas Poderes. Entre os envolvidos, destacam-se Elisiane Lucia Harms, filiada ao PT desde setembro de 2009, Marina Camila Guedes Moreira, militante do PCdoB desde &hellip;<\/p>\n","protected":false},"author":3,"featured_media":70793,"comment_status":"closed","ping_status":"open","sticky":false,"template":"","format":"standard","meta":{"footnotes":""},"categories":[19,4],"tags":[],"class_list":["post-70792","post","type-post","status-publish","format-standard","has-post-thumbnail","hentry","category-manchete","category-ultimas-noticias"],"_links":{"self":[{"href":"https:\/\/goiasemtempo.com.br\/home\/wp-json\/wp\/v2\/posts\/70792","targetHints":{"allow":["GET"]}}],"collection":[{"href":"https:\/\/goiasemtempo.com.br\/home\/wp-json\/wp\/v2\/posts"}],"about":[{"href":"https:\/\/goiasemtempo.com.br\/home\/wp-json\/wp\/v2\/types\/post"}],"author":[{"embeddable":true,"href":"https:\/\/goiasemtempo.com.br\/home\/wp-json\/wp\/v2\/users\/3"}],"replies":[{"embeddable":true,"href":"https:\/\/goiasemtempo.com.br\/home\/wp-json\/wp\/v2\/comments?post=70792"}],"version-history":[{"count":1,"href":"https:\/\/goiasemtempo.com.br\/home\/wp-json\/wp\/v2\/posts\/70792\/revisions"}],"predecessor-version":[{"id":70794,"href":"https:\/\/goiasemtempo.com.br\/home\/wp-json\/wp\/v2\/posts\/70792\/revisions\/70794"}],"wp:featuredmedia":[{"embeddable":true,"href":"https:\/\/goiasemtempo.com.br\/home\/wp-json\/wp\/v2\/media\/70793"}],"wp:attachment":[{"href":"https:\/\/goiasemtempo.com.br\/home\/wp-json\/wp\/v2\/media?parent=70792"}],"wp:term":[{"taxonomy":"category","embeddable":true,"href":"https:\/\/goiasemtempo.com.br\/home\/wp-json\/wp\/v2\/categories?post=70792"},{"taxonomy":"post_tag","embeddable":true,"href":"https:\/\/goiasemtempo.com.br\/home\/wp-json\/wp\/v2\/tags?post=70792"}],"curies":[{"name":"wp","href":"https:\/\/api.w.org\/{rel}","templated":true}]}}