{"id":70752,"date":"2023-05-10T14:41:24","date_gmt":"2023-05-10T14:41:24","guid":{"rendered":"https:\/\/goiasemtempo.com.br\/home\/?p=70752"},"modified":"2023-05-10T14:41:24","modified_gmt":"2023-05-10T14:41:24","slug":"assinada-ordem-de-servico-para-construcao-area-de-lazer-no-parque-dos-pirineus-em-anapolis","status":"publish","type":"post","link":"https:\/\/goiasemtempo.com.br\/home\/assinada-ordem-de-servico-para-construcao-area-de-lazer-no-parque-dos-pirineus-em-anapolis\/","title":{"rendered":"Assinada ordem de servi\u00e7o para constru\u00e7\u00e3o \u00e1rea de lazer no Parque dos Pirineus, em An\u00e1polis"},"content":{"rendered":"<p>O prefeito Roberto Naves (PP), assinou na manh\u00e3 desta ter\u00e7a-feira, 9, ordem se servi\u00e7o para in\u00edcio da constru\u00e7\u00e3o de um parque recreativo no Parque dos Pirineus.<\/p>\n<p>O novo local de lazer para popula\u00e7\u00e3o anapolina ter\u00e1 3.115 metros quadrados, foi or\u00e7ada em R$ 357 mil e faz parte do pacote de benef\u00edcios do &#8216;An\u00e1polis investe. As obras no espa\u00e7o tamb\u00e9m j\u00e1 foram iniciadas.<\/p>\n<p>\u201cTeremos um amplo espa\u00e7o de conviv\u00eancia para a popula\u00e7\u00e3o com academia da terceira idade, quadra de areia, Playground, espa\u00e7o para realiza\u00e7\u00e3o de feiras, \u00e1rea gramada, al\u00e9m de uma pista de caminhada\u201d, disse o prefeito Roberto Naves.<\/p>\n<p>O secret\u00e1rio de Obras, Meio Ambiente e Servi\u00e7os Urbanos, Wederson Lopes contou que a previs\u00e3o \u00e9 que a primeira etapa de constru\u00e7\u00e3o do novo parque recreativo seja conclu\u00edda em at\u00e9 90 dias.<\/p>\n<p>\u201cExistem projetos prontos com or\u00e7amento liberado para constru\u00e7\u00e3o de uma arena esportiva e uma pista de skate que ser\u00e3o integradas ao parque. Tudo est\u00e1 no departamento de licita\u00e7\u00e3o e a expectativa \u00e9 que as empresas que tocar\u00e3o essa parte dos servi\u00e7os sejam contratadas no segundo semestre\u201d, informou o secret\u00e1rio.<\/p>\n<p>Ainda de acordo com Wederson Lopes, o parque recreativo do Parque dos Pirineus ser\u00e1 constru\u00eddo ao redor da \u00c1rea de Preserva\u00e7\u00e3o Permanente (APP) que existe no setor.<\/p>\n<p>\u201cEssa \u00e1rea continua intoc\u00e1vel. Ela est\u00e1 cercada, e o seu redor passar\u00e1 apenas por limpeza. A ideia \u00e9 trazer bem-estar para popula\u00e7\u00e3o. Vai ser um espa\u00e7o bonito e importante para essa regi\u00e3o da cidade\u201d, concluiu Wederson.<\/p>\n<p>&nbsp;<\/p>\n","protected":false},"excerpt":{"rendered":"<p>O prefeito Roberto Naves (PP), assinou na manh\u00e3 desta ter\u00e7a-feira, 9, ordem se servi\u00e7o para in\u00edcio da constru\u00e7\u00e3o de um parque recreativo no Parque dos Pirineus. O novo local de lazer para popula\u00e7\u00e3o anapolina ter\u00e1 3.115 metros quadrados, foi or\u00e7ada em R$ 357 mil e faz parte do pacote de benef\u00edcios do &#8216;An\u00e1polis investe. As &hellip;<\/p>\n","protected":false},"author":3,"featured_media":70753,"comment_status":"closed","ping_status":"open","sticky":false,"template":"","format":"standard","meta":{"footnotes":""},"categories":[18,19,4],"tags":[],"class_list":["post-70752","post","type-post","status-publish","format-standard","has-post-thumbnail","hentry","category-anapolis","category-manchete","category-ultimas-noticias"],"_links":{"self":[{"href":"https:\/\/goiasemtempo.com.br\/home\/wp-json\/wp\/v2\/posts\/70752","targetHints":{"allow":["GET"]}}],"collection":[{"href":"https:\/\/goiasemtempo.com.br\/home\/wp-json\/wp\/v2\/posts"}],"about":[{"href":"https:\/\/goiasemtempo.com.br\/home\/wp-json\/wp\/v2\/types\/post"}],"author":[{"embeddable":true,"href":"https:\/\/goiasemtempo.com.br\/home\/wp-json\/wp\/v2\/users\/3"}],"replies":[{"embeddable":true,"href":"https:\/\/goiasemtempo.com.br\/home\/wp-json\/wp\/v2\/comments?post=70752"}],"version-history":[{"count":1,"href":"https:\/\/goiasemtempo.com.br\/home\/wp-json\/wp\/v2\/posts\/70752\/revisions"}],"predecessor-version":[{"id":70754,"href":"https:\/\/goiasemtempo.com.br\/home\/wp-json\/wp\/v2\/posts\/70752\/revisions\/70754"}],"wp:featuredmedia":[{"embeddable":true,"href":"https:\/\/goiasemtempo.com.br\/home\/wp-json\/wp\/v2\/media\/70753"}],"wp:attachment":[{"href":"https:\/\/goiasemtempo.com.br\/home\/wp-json\/wp\/v2\/media?parent=70752"}],"wp:term":[{"taxonomy":"category","embeddable":true,"href":"https:\/\/goiasemtempo.com.br\/home\/wp-json\/wp\/v2\/categories?post=70752"},{"taxonomy":"post_tag","embeddable":true,"href":"https:\/\/goiasemtempo.com.br\/home\/wp-json\/wp\/v2\/tags?post=70752"}],"curies":[{"name":"wp","href":"https:\/\/api.w.org\/{rel}","templated":true}]}}