{"id":70734,"date":"2023-05-09T19:46:32","date_gmt":"2023-05-09T19:46:32","guid":{"rendered":"https:\/\/goiasemtempo.com.br\/home\/?p=70734"},"modified":"2023-05-09T19:59:21","modified_gmt":"2023-05-09T19:59:21","slug":"julio-cesar-deixa-semusa-e-roberto-anuncia-elinner-rosa-como-titular-da-saude-em-anapolis","status":"publish","type":"post","link":"https:\/\/goiasemtempo.com.br\/home\/julio-cesar-deixa-semusa-e-roberto-anuncia-elinner-rosa-como-titular-da-saude-em-anapolis\/","title":{"rendered":"J\u00falio C\u00e9sar deixa Semusa, e Roberto anuncia Elinner Rosa como titular da Sa\u00fade em An\u00e1polis"},"content":{"rendered":"<p>A Secretaria Municipal de Sa\u00fade de An\u00e1polis (Semusa) ter\u00e1 uma nova titular a partir desta ter\u00e7a-feira (09). O an\u00fancio foi feito pelo prefeito Roberto Naves (PP), que tamb\u00e9m apresentou a nova respons\u00e1vel pela pasta, a ocupar o cargo deixado por J\u00falio C\u00e9sar Teles Sp\u00edndola.<\/p>\n<p>O chefe do Executivo explica que a mudan\u00e7a se d\u00e1 por conta de quest\u00f5es pessoais de Sp\u00edndola. A escolhida para dar continuidade ao trabalho \u00e9 a ex-vereadora e advogada na \u00e1rea do direito m\u00e9dico, Elinner Rosa.<\/p>\n<p>\u201cOs ciclos come\u00e7am e acabam, como o meu vai acabar no final de 2024. E n\u00f3s fomos surpreendidos pelo nosso secret\u00e1rio J\u00falio, que doou o seu tempo, a sua sa\u00fade e trabalhou diuturnamente para poder melhorar a sa\u00fade na nossa cidade de An\u00e1polis, dizendo que tem problemas pessoais\u201d, detalhou Roberto Naves.<\/p>\n<p>Elinner Rosa assumiu o primeiro mandato como vereadora em An\u00e1polis em 2017 e acumula in\u00fameras especializa\u00e7\u00f5es, como em Gest\u00e3o Hospitalar e Sistemas de Sa\u00fade. Al\u00e9m disso, a profissional atuou por anos como assessora jur\u00eddica no Instituto Onco-Hematol\u00f3gico de An\u00e1polis.<\/p>\n<p>\u201cPara mim \u00e9 uma honra enorme poder trabalhar na sa\u00fade que \u00e9 a minha paix\u00e3o. Quem trabalha na sa\u00fade uma vez, o J\u00falio sabe, a gente se apaixona pelo doar e pela quest\u00e3o da sa\u00fade das pessoas. Ent\u00e3o vai ser uma honra enorme assumir essa pasta\u201d, ressaltou Elinner durante o anuncio.<\/p>\n<p>A nova titular da pasta disse ainda que promete muita honestidade e determina\u00e7\u00e3o na gest\u00e3o da secretaria. \u201cA \u00fanica coisa que eu prometo \u00e9 muito trabalho, muito empenho, para que a cidade continue avan\u00e7ando\u201d, completou.<\/p>\n<p>Por fim, Roberto explicou que J\u00falio, que assumiu a Semusa durante a pandemia, continuar\u00e1 prestando servi\u00e7os ao munic\u00edpio, agora, por\u00e9m, em outra reparti\u00e7\u00e3o.<\/p>\n","protected":false},"excerpt":{"rendered":"<p>A Secretaria Municipal de Sa\u00fade de An\u00e1polis (Semusa) ter\u00e1 uma nova titular a partir desta ter\u00e7a-feira (09). O an\u00fancio foi feito pelo prefeito Roberto Naves (PP), que tamb\u00e9m apresentou a nova respons\u00e1vel pela pasta, a ocupar o cargo deixado por J\u00falio C\u00e9sar Teles Sp\u00edndola. O chefe do Executivo explica que a mudan\u00e7a se d\u00e1 por &hellip;<\/p>\n","protected":false},"author":3,"featured_media":70739,"comment_status":"closed","ping_status":"open","sticky":false,"template":"","format":"standard","meta":{"_exactmetrics_skip_tracking":false,"_exactmetrics_sitenote_active":false,"_exactmetrics_sitenote_note":"","_exactmetrics_sitenote_category":0,"footnotes":""},"categories":[18,19,16],"tags":[],"_links":{"self":[{"href":"https:\/\/goiasemtempo.com.br\/home\/wp-json\/wp\/v2\/posts\/70734"}],"collection":[{"href":"https:\/\/goiasemtempo.com.br\/home\/wp-json\/wp\/v2\/posts"}],"about":[{"href":"https:\/\/goiasemtempo.com.br\/home\/wp-json\/wp\/v2\/types\/post"}],"author":[{"embeddable":true,"href":"https:\/\/goiasemtempo.com.br\/home\/wp-json\/wp\/v2\/users\/3"}],"replies":[{"embeddable":true,"href":"https:\/\/goiasemtempo.com.br\/home\/wp-json\/wp\/v2\/comments?post=70734"}],"version-history":[{"count":1,"href":"https:\/\/goiasemtempo.com.br\/home\/wp-json\/wp\/v2\/posts\/70734\/revisions"}],"predecessor-version":[{"id":70736,"href":"https:\/\/goiasemtempo.com.br\/home\/wp-json\/wp\/v2\/posts\/70734\/revisions\/70736"}],"wp:featuredmedia":[{"embeddable":true,"href":"https:\/\/goiasemtempo.com.br\/home\/wp-json\/wp\/v2\/media\/70739"}],"wp:attachment":[{"href":"https:\/\/goiasemtempo.com.br\/home\/wp-json\/wp\/v2\/media?parent=70734"}],"wp:term":[{"taxonomy":"category","embeddable":true,"href":"https:\/\/goiasemtempo.com.br\/home\/wp-json\/wp\/v2\/categories?post=70734"},{"taxonomy":"post_tag","embeddable":true,"href":"https:\/\/goiasemtempo.com.br\/home\/wp-json\/wp\/v2\/tags?post=70734"}],"curies":[{"name":"wp","href":"https:\/\/api.w.org\/{rel}","templated":true}]}}