{"id":70720,"date":"2023-05-09T14:31:12","date_gmt":"2023-05-09T14:31:12","guid":{"rendered":"https:\/\/goiasemtempo.com.br\/home\/?p=70720"},"modified":"2023-05-09T14:31:12","modified_gmt":"2023-05-09T14:31:12","slug":"ministro-do-stf-pede-explicacoes-a-arthur-lira-sobre-exclusao-do-partido-novo-de-comissao-parlamentar-de-inquerito","status":"publish","type":"post","link":"https:\/\/goiasemtempo.com.br\/home\/ministro-do-stf-pede-explicacoes-a-arthur-lira-sobre-exclusao-do-partido-novo-de-comissao-parlamentar-de-inquerito\/","title":{"rendered":"Ministro do STF pede explica\u00e7\u00f5es a Arthur Lira sobre exclus\u00e3o do partido Novo de comiss\u00e3o parlamentar de inqu\u00e9rito"},"content":{"rendered":"<p>O ministro do Supremo Tribunal Federal (STF), Lu\u00eds Roberto Barroso, exigiu explica\u00e7\u00f5es do presidente da C\u00e2mara dos Deputados, Arthur Lira (Progressistas-AL), sobre a exclus\u00e3o do partido Novo da composi\u00e7\u00e3o da Comiss\u00e3o Parlamentar de Inqu\u00e9rito Mista (CPMI) institu\u00edda para apurar os atos de 8 de janeiro. O ministro fez o pedido nesta segunda-feira (8), em decis\u00e3o publicada no site do STF.<\/p>\n<p>O partido Novo alega que a exclus\u00e3o foi indevida, j\u00e1 que o partido n\u00e3o alcan\u00e7ou a cl\u00e1usula de barreira, mas a Constitui\u00e7\u00e3o prev\u00ea a proporcionalidade partid\u00e1ria na forma\u00e7\u00e3o das comiss\u00f5es legislativas. O Novo solicita que seja reconhecido o \u201cdireito de participa\u00e7\u00e3o dos partidos que n\u00e3o atingiram a cl\u00e1usula de barreira, sob o sistema de rod\u00edzio, em vaga na CPMI\u201d.<\/p>\n<p>A exclus\u00e3o do Novo, sem justificativas claras, prejudica n\u00e3o s\u00f3 o partido, mas tamb\u00e9m a pluralidade de opini\u00f5es na investiga\u00e7\u00e3o dos atos de 8 de janeiro.<\/p>\n<p>&nbsp;<\/p>\n","protected":false},"excerpt":{"rendered":"<p>O ministro do Supremo Tribunal Federal (STF), Lu\u00eds Roberto Barroso, exigiu explica\u00e7\u00f5es do presidente da C\u00e2mara dos Deputados, Arthur Lira (Progressistas-AL), sobre a exclus\u00e3o do partido Novo da composi\u00e7\u00e3o da Comiss\u00e3o Parlamentar de Inqu\u00e9rito Mista (CPMI) institu\u00edda para apurar os atos de 8 de janeiro. O ministro fez o pedido nesta segunda-feira (8), em decis\u00e3o &hellip;<\/p>\n","protected":false},"author":3,"featured_media":70721,"comment_status":"closed","ping_status":"open","sticky":false,"template":"","format":"standard","meta":{"_exactmetrics_skip_tracking":false,"_exactmetrics_sitenote_active":false,"_exactmetrics_sitenote_note":"","_exactmetrics_sitenote_category":0,"footnotes":""},"categories":[6,2],"tags":[],"_links":{"self":[{"href":"https:\/\/goiasemtempo.com.br\/home\/wp-json\/wp\/v2\/posts\/70720"}],"collection":[{"href":"https:\/\/goiasemtempo.com.br\/home\/wp-json\/wp\/v2\/posts"}],"about":[{"href":"https:\/\/goiasemtempo.com.br\/home\/wp-json\/wp\/v2\/types\/post"}],"author":[{"embeddable":true,"href":"https:\/\/goiasemtempo.com.br\/home\/wp-json\/wp\/v2\/users\/3"}],"replies":[{"embeddable":true,"href":"https:\/\/goiasemtempo.com.br\/home\/wp-json\/wp\/v2\/comments?post=70720"}],"version-history":[{"count":1,"href":"https:\/\/goiasemtempo.com.br\/home\/wp-json\/wp\/v2\/posts\/70720\/revisions"}],"predecessor-version":[{"id":70722,"href":"https:\/\/goiasemtempo.com.br\/home\/wp-json\/wp\/v2\/posts\/70720\/revisions\/70722"}],"wp:featuredmedia":[{"embeddable":true,"href":"https:\/\/goiasemtempo.com.br\/home\/wp-json\/wp\/v2\/media\/70721"}],"wp:attachment":[{"href":"https:\/\/goiasemtempo.com.br\/home\/wp-json\/wp\/v2\/media?parent=70720"}],"wp:term":[{"taxonomy":"category","embeddable":true,"href":"https:\/\/goiasemtempo.com.br\/home\/wp-json\/wp\/v2\/categories?post=70720"},{"taxonomy":"post_tag","embeddable":true,"href":"https:\/\/goiasemtempo.com.br\/home\/wp-json\/wp\/v2\/tags?post=70720"}],"curies":[{"name":"wp","href":"https:\/\/api.w.org\/{rel}","templated":true}]}}