{"id":70674,"date":"2023-05-06T17:57:37","date_gmt":"2023-05-06T17:57:37","guid":{"rendered":"https:\/\/goiasemtempo.com.br\/home\/?p=70674"},"modified":"2023-05-06T17:57:37","modified_gmt":"2023-05-06T17:57:37","slug":"tj-derruba-decisao-que-obrigava-pm-de-anapolis-a-instalar-cameras-em-fardas-policiais","status":"publish","type":"post","link":"https:\/\/goiasemtempo.com.br\/home\/tj-derruba-decisao-que-obrigava-pm-de-anapolis-a-instalar-cameras-em-fardas-policiais\/","title":{"rendered":"TJ derruba decis\u00e3o que obrigava PM de An\u00e1polis a instalar c\u00e2meras em fardas policiais"},"content":{"rendered":"<p>O Governo Estadual conseguiu parecer fav\u00f3ravel do Tribunal de Justi\u00e7a Goi\u00e1s (TJ-GO) e n\u00e3o ter\u00e1 que instalar c\u00e2meras em fardas e viaturas policiais em An\u00e1polis. A interrup\u00e7\u00e3o da medida anunciada na \u00faltima quinta-feira (4), ap\u00f3s decis\u00e3o do presidente do TJ, o desembargador Carlos Fran\u00e7a.<\/p>\n<p>No \u00faltimo dia 17 de abril, a Justi\u00e7a determinou que o Estado implantasse um projeto-piloto na Companhia de Policiamento Especializado (CPE) de An\u00e1polis, com o uso dos equipamentos de monitoramento, atendendo a um pedido do Minist\u00e9rio P\u00fablico de Goi\u00e1s. O objetivo era reduzir o \u00edndice de mortes registradas decorrentes de interven\u00e7\u00f5es policiais.<\/p>\n<p>A ju\u00edza ju\u00edza M\u00f4nice de Souza Balian Zaccariotti, da Vara da Fazenda P\u00fablica Estadual de An\u00e1polis, tinha dado um prazo de 90 dias para que o Governo Estadual elaborasse uma pol\u00edtica p\u00fablica para redu\u00e7\u00e3o da letalidade policial. A execu\u00e7\u00e3o da medida deveria ser iniciada em at\u00e9 em seis meses.<\/p>\n<p>Agora, o desembargador Carlos Fran\u00e7a entendeu que esse prazo afronta \u00e0 ordem p\u00fablica e que interfere na a\u00e7\u00e3o do Estado em fazer as pol\u00edticas p\u00fablicas voltadas para a seguran\u00e7a p\u00fablica. No entendimento dele, a instala\u00e7\u00e3o tamb\u00e9m traria impactos financeiros, sendo necess\u00e1rio mais estudos e planejamento.<\/p>\n<p>A decis\u00e3o determinava, ainda, que fosse utilizado um software que permita que as imagens fossem criptografadas, impedindo qualquer tipo de edi\u00e7\u00e3o. O projeto-piloto seria custeado pelo Minist\u00e9rio P\u00fablico, que prop\u00f4s a ideia em a\u00e7\u00e3o civil p\u00fablica em agosto do ano passado.<\/p>\n<p><strong>N\u00fameros alarmantes<\/strong><\/p>\n<p>Segundo dados do MP, An\u00e1polis respondeu, entre 2020 e 2022, por 42,4% do total de mortes em confronto com autoridades policiais. A cidade \u00e9 a quarta do estado, em n\u00fameros absolutos, de mortes envolvendo a\u00e7\u00e3o policial.<\/p>\n<p>Integrantes da institui\u00e7\u00e3o tamb\u00e9m mencionam a redu\u00e7\u00e3o significativa, de at\u00e9 60%, do uso de for\u00e7a por agentes de seguran\u00e7a em estados que adotaram as c\u00e2meras em fardas, como Rond\u00f4nia, Santa Catarina e S\u00e3o Paulo.<\/p>\n","protected":false},"excerpt":{"rendered":"<p>O Governo Estadual conseguiu parecer fav\u00f3ravel do Tribunal de Justi\u00e7a Goi\u00e1s (TJ-GO) e n\u00e3o ter\u00e1 que instalar c\u00e2meras em fardas e viaturas policiais em An\u00e1polis. A interrup\u00e7\u00e3o da medida anunciada na \u00faltima quinta-feira (4), ap\u00f3s decis\u00e3o do presidente do TJ, o desembargador Carlos Fran\u00e7a. No \u00faltimo dia 17 de abril, a Justi\u00e7a determinou que o &hellip;<\/p>\n","protected":false},"author":3,"featured_media":70675,"comment_status":"closed","ping_status":"open","sticky":false,"template":"","format":"standard","meta":{"_exactmetrics_skip_tracking":false,"_exactmetrics_sitenote_active":false,"_exactmetrics_sitenote_note":"","_exactmetrics_sitenote_category":0,"footnotes":""},"categories":[26,19,469],"tags":[],"_links":{"self":[{"href":"https:\/\/goiasemtempo.com.br\/home\/wp-json\/wp\/v2\/posts\/70674"}],"collection":[{"href":"https:\/\/goiasemtempo.com.br\/home\/wp-json\/wp\/v2\/posts"}],"about":[{"href":"https:\/\/goiasemtempo.com.br\/home\/wp-json\/wp\/v2\/types\/post"}],"author":[{"embeddable":true,"href":"https:\/\/goiasemtempo.com.br\/home\/wp-json\/wp\/v2\/users\/3"}],"replies":[{"embeddable":true,"href":"https:\/\/goiasemtempo.com.br\/home\/wp-json\/wp\/v2\/comments?post=70674"}],"version-history":[{"count":1,"href":"https:\/\/goiasemtempo.com.br\/home\/wp-json\/wp\/v2\/posts\/70674\/revisions"}],"predecessor-version":[{"id":70676,"href":"https:\/\/goiasemtempo.com.br\/home\/wp-json\/wp\/v2\/posts\/70674\/revisions\/70676"}],"wp:featuredmedia":[{"embeddable":true,"href":"https:\/\/goiasemtempo.com.br\/home\/wp-json\/wp\/v2\/media\/70675"}],"wp:attachment":[{"href":"https:\/\/goiasemtempo.com.br\/home\/wp-json\/wp\/v2\/media?parent=70674"}],"wp:term":[{"taxonomy":"category","embeddable":true,"href":"https:\/\/goiasemtempo.com.br\/home\/wp-json\/wp\/v2\/categories?post=70674"},{"taxonomy":"post_tag","embeddable":true,"href":"https:\/\/goiasemtempo.com.br\/home\/wp-json\/wp\/v2\/tags?post=70674"}],"curies":[{"name":"wp","href":"https:\/\/api.w.org\/{rel}","templated":true}]}}