{"id":70609,"date":"2023-05-01T13:12:55","date_gmt":"2023-05-01T13:12:55","guid":{"rendered":"https:\/\/goiasemtempo.com.br\/home\/?p=70609"},"modified":"2023-05-01T13:12:55","modified_gmt":"2023-05-01T13:12:55","slug":"urgente-o-conservador-santi-vence-a-esquerda-nas-eleicoes-para-presidente-no-paraguay","status":"publish","type":"post","link":"https:\/\/goiasemtempo.com.br\/home\/urgente-o-conservador-santi-vence-a-esquerda-nas-eleicoes-para-presidente-no-paraguay\/","title":{"rendered":"URGENTE: O conservador Santi vence a esquerda nas elei\u00e7\u00f5es para presidente no Paraguay"},"content":{"rendered":"<p>PARAGUAI: O resultado das elei\u00e7\u00f5es presidenciais no Paraguai \u00e9 uma not\u00edcia urgente, com a vit\u00f3ria do conservador Santi. A candidatura de Santiago Pe\u00f1a, representante do Partido Colorado, refor\u00e7a a posi\u00e7\u00e3o da legenda de centro-direita no comando do pa\u00eds.\u00a0 Santi vence as elei\u00e7\u00f5es contra o candidato da esquerda Efra\u00edn Alegre.<\/p>\n<p>Santiago Pena, do Partido Colorado\u00a0(ANR-PC), legenda conservadora, j\u00e1 governa o Paraguai quase ininterruptamente h\u00e1 76 anos. A esquerda com suas pautas ideol\u00f3gicas n\u00e3o \u00e9 bem vinda no Pa\u00eds. Atualmente o Partido Colorado \u00e9 considerado o partido conservador mais forte da Am\u00e9rica Latina com mais de 2 milh\u00f5es de filiados. \u00c9 um partido pol\u00edtico paraguaio de tend\u00eancias nacionalista, republicana e conservadora fundada em 11 de setembro de 1887.<\/p>\n<p>Em pleno desenvolvimento, o Paraguai \u00e9 hoje um ref\u00fagio para investidores que fogem da opress\u00e3o econ\u00f4mica e ideol\u00f3gica imposta por governantes radicais de esquerda, que se instalaram em outros pa\u00edses como no Brasil, Bol\u00edvia, Argentina, Venezuela e outros. O Paraguai \u00e9 o terceiro maior destino de emigrantes brasileiros, que v\u00e3o para estudar, trabalhar e investir no mercado local. Ultimamente vem se notando a chegada de investidores da Bol\u00edvia, Argentina, Brasil e de outros pa\u00edses dominados pelo sistema socialista. Isso pode significar gera\u00e7\u00e3o de emprego e a expectativa de uma explos\u00e3o de crescimento econ\u00f4mico para os pr\u00f3ximos cinco anos, segundo especialistas.<\/p>\n<p>&nbsp;<\/p>\n","protected":false},"excerpt":{"rendered":"<p>PARAGUAI: O resultado das elei\u00e7\u00f5es presidenciais no Paraguai \u00e9 uma not\u00edcia urgente, com a vit\u00f3ria do conservador Santi. A candidatura de Santiago Pe\u00f1a, representante do Partido Colorado, refor\u00e7a a posi\u00e7\u00e3o da legenda de centro-direita no comando do pa\u00eds.\u00a0 Santi vence as elei\u00e7\u00f5es contra o candidato da esquerda Efra\u00edn Alegre. Santiago Pena, do Partido Colorado\u00a0(ANR-PC), legenda &hellip;<\/p>\n","protected":false},"author":3,"featured_media":70610,"comment_status":"closed","ping_status":"open","sticky":false,"template":"","format":"standard","meta":{"footnotes":""},"categories":[30,19,8,4],"tags":[],"class_list":["post-70609","post","type-post","status-publish","format-standard","has-post-thumbnail","hentry","category-eleicoes","category-manchete","category-mundo","category-ultimas-noticias"],"_links":{"self":[{"href":"https:\/\/goiasemtempo.com.br\/home\/wp-json\/wp\/v2\/posts\/70609","targetHints":{"allow":["GET"]}}],"collection":[{"href":"https:\/\/goiasemtempo.com.br\/home\/wp-json\/wp\/v2\/posts"}],"about":[{"href":"https:\/\/goiasemtempo.com.br\/home\/wp-json\/wp\/v2\/types\/post"}],"author":[{"embeddable":true,"href":"https:\/\/goiasemtempo.com.br\/home\/wp-json\/wp\/v2\/users\/3"}],"replies":[{"embeddable":true,"href":"https:\/\/goiasemtempo.com.br\/home\/wp-json\/wp\/v2\/comments?post=70609"}],"version-history":[{"count":1,"href":"https:\/\/goiasemtempo.com.br\/home\/wp-json\/wp\/v2\/posts\/70609\/revisions"}],"predecessor-version":[{"id":70611,"href":"https:\/\/goiasemtempo.com.br\/home\/wp-json\/wp\/v2\/posts\/70609\/revisions\/70611"}],"wp:featuredmedia":[{"embeddable":true,"href":"https:\/\/goiasemtempo.com.br\/home\/wp-json\/wp\/v2\/media\/70610"}],"wp:attachment":[{"href":"https:\/\/goiasemtempo.com.br\/home\/wp-json\/wp\/v2\/media?parent=70609"}],"wp:term":[{"taxonomy":"category","embeddable":true,"href":"https:\/\/goiasemtempo.com.br\/home\/wp-json\/wp\/v2\/categories?post=70609"},{"taxonomy":"post_tag","embeddable":true,"href":"https:\/\/goiasemtempo.com.br\/home\/wp-json\/wp\/v2\/tags?post=70609"}],"curies":[{"name":"wp","href":"https:\/\/api.w.org\/{rel}","templated":true}]}}