{"id":70520,"date":"2023-04-25T21:33:45","date_gmt":"2023-04-25T21:33:45","guid":{"rendered":"https:\/\/goiasemtempo.com.br\/home\/?p=70520"},"modified":"2023-04-25T21:33:45","modified_gmt":"2023-04-25T21:33:45","slug":"deputados-questionam-ministerio-do-meio-ambiente-sobre-recorde-de-desmatamento-nos-primeiros-meses-do-governo-lula","status":"publish","type":"post","link":"https:\/\/goiasemtempo.com.br\/home\/deputados-questionam-ministerio-do-meio-ambiente-sobre-recorde-de-desmatamento-nos-primeiros-meses-do-governo-lula\/","title":{"rendered":"Deputados questionam Minist\u00e9rio do Meio Ambiente sobre recorde de desmatamento nos primeiros meses do governo Lula"},"content":{"rendered":"<p>Deputados federais protocolaram requerimentos na C\u00e2mara Federal questionando o Minist\u00e9rio do Meio Ambiente sobre as raz\u00f5es do aumento do desmatamento recorde nos primeiros meses do governo Lula. Dados divulgados pelo Instituto Nacional de Pesquisas Espaciais (Inpe) mostram que 1,4 mil quil\u00f4metros quadrados da \u00e1rea do cerrado foram destru\u00eddos no primeiro trimestre, enquanto a Amaz\u00f4nia teve a segunda maior destrui\u00e7\u00e3o da hist\u00f3ria, com 845 km\u00b2 devastados.<\/p>\n<p>A ministra Marina Silva j\u00e1 se pronunciou sobre o assunto, citando a demiss\u00e3o de fiscais ambientais desde 2016 e a falta de condi\u00e7\u00f5es para realizar uma fiscaliza\u00e7\u00e3o eficiente. Por\u00e9m, o deputado H\u00e9lio Lopes (PL-RJ) questiona o sil\u00eancio dos ambientalistas que criticavam o governo Bolsonaro pelo descuido com a Amaz\u00f4nia, mas agora n\u00e3o cobram um posicionamento do atual governo.<\/p>\n<p>De acordo com o Instituto do Homem e Meio Ambiente da Amaz\u00f4nia (Imazon), o recorde de desmatamento em mar\u00e7o ocorreu no Estado do Amazonas, que registrou um aumento de 767% em rela\u00e7\u00e3o ao mesmo per\u00edodo do governo Bolsonaro. O deputado Gustavo Gayer (PL-GO) tamb\u00e9m protocolou requerimento para obter informa\u00e7\u00f5es sobre as medidas emergenciais que est\u00e3o sendo realizadas para conter o avan\u00e7o do desmatamento. O deputado Pedro Aihara (Patriotas-MG) questionou a justificativa para o aumento significativo nos n\u00fameros e quais medidas efetivas o minist\u00e9rio tem tomado para coibir a destrui\u00e7\u00e3o.<\/p>\n<p>&nbsp;<\/p>\n","protected":false},"excerpt":{"rendered":"<p>Deputados federais protocolaram requerimentos na C\u00e2mara Federal questionando o Minist\u00e9rio do Meio Ambiente sobre as raz\u00f5es do aumento do desmatamento recorde nos primeiros meses do governo Lula. Dados divulgados pelo Instituto Nacional de Pesquisas Espaciais (Inpe) mostram que 1,4 mil quil\u00f4metros quadrados da \u00e1rea do cerrado foram destru\u00eddos no primeiro trimestre, enquanto a Amaz\u00f4nia teve &hellip;<\/p>\n","protected":false},"author":3,"featured_media":70521,"comment_status":"closed","ping_status":"open","sticky":false,"template":"","format":"standard","meta":{"_exactmetrics_skip_tracking":false,"_exactmetrics_sitenote_active":false,"_exactmetrics_sitenote_note":"","_exactmetrics_sitenote_category":0,"footnotes":""},"categories":[19,504],"tags":[],"_links":{"self":[{"href":"https:\/\/goiasemtempo.com.br\/home\/wp-json\/wp\/v2\/posts\/70520"}],"collection":[{"href":"https:\/\/goiasemtempo.com.br\/home\/wp-json\/wp\/v2\/posts"}],"about":[{"href":"https:\/\/goiasemtempo.com.br\/home\/wp-json\/wp\/v2\/types\/post"}],"author":[{"embeddable":true,"href":"https:\/\/goiasemtempo.com.br\/home\/wp-json\/wp\/v2\/users\/3"}],"replies":[{"embeddable":true,"href":"https:\/\/goiasemtempo.com.br\/home\/wp-json\/wp\/v2\/comments?post=70520"}],"version-history":[{"count":1,"href":"https:\/\/goiasemtempo.com.br\/home\/wp-json\/wp\/v2\/posts\/70520\/revisions"}],"predecessor-version":[{"id":70522,"href":"https:\/\/goiasemtempo.com.br\/home\/wp-json\/wp\/v2\/posts\/70520\/revisions\/70522"}],"wp:featuredmedia":[{"embeddable":true,"href":"https:\/\/goiasemtempo.com.br\/home\/wp-json\/wp\/v2\/media\/70521"}],"wp:attachment":[{"href":"https:\/\/goiasemtempo.com.br\/home\/wp-json\/wp\/v2\/media?parent=70520"}],"wp:term":[{"taxonomy":"category","embeddable":true,"href":"https:\/\/goiasemtempo.com.br\/home\/wp-json\/wp\/v2\/categories?post=70520"},{"taxonomy":"post_tag","embeddable":true,"href":"https:\/\/goiasemtempo.com.br\/home\/wp-json\/wp\/v2\/tags?post=70520"}],"curies":[{"name":"wp","href":"https:\/\/api.w.org\/{rel}","templated":true}]}}