{"id":70475,"date":"2023-04-22T14:29:39","date_gmt":"2023-04-22T14:29:39","guid":{"rendered":"https:\/\/goiasemtempo.com.br\/home\/?p=70475"},"modified":"2023-04-22T14:29:39","modified_gmt":"2023-04-22T14:29:39","slug":"moraes-determina-liberacao-de-imagens-da-invasao-do-palacio-do-planalto-para-investigacao-de-atos-de-8-1","status":"publish","type":"post","link":"https:\/\/goiasemtempo.com.br\/home\/moraes-determina-liberacao-de-imagens-da-invasao-do-palacio-do-planalto-para-investigacao-de-atos-de-8-1\/","title":{"rendered":"Moraes determina libera\u00e7\u00e3o de imagens da invas\u00e3o do Pal\u00e1cio do Planalto para investiga\u00e7\u00e3o de atos de 8\/1"},"content":{"rendered":"<p>O ministro Alexandre de Moraes, do Supremo Tribunal Federal (STF), ordenou que o Gabinete de Seguran\u00e7a Institucional (GSI) da Presid\u00eancia envie, em um prazo de 48 horas, as imagens das c\u00e2meras de seguran\u00e7a do Pal\u00e1cio do Planalto do dia 8 de janeiro, quando ocorreram atos. O sigilo das grava\u00e7\u00f5es tamb\u00e9m foi derrubado por Moraes, relator do inqu\u00e9rito que investiga os eventos.<\/p>\n<p>Al\u00e9m disso, Moraes determinou que todos os servidores do GSI que aparecem nas imagens sejam ouvidos pela Pol\u00edcia Federal para aferir suas condutas individuais. A decis\u00e3o visa aprofundar as investiga\u00e7\u00f5es sobre os atos ocorridos na data em quest\u00e3o.<\/p>\n","protected":false},"excerpt":{"rendered":"<p>O ministro Alexandre de Moraes, do Supremo Tribunal Federal (STF), ordenou que o Gabinete de Seguran\u00e7a Institucional (GSI) da Presid\u00eancia envie, em um prazo de 48 horas, as imagens das c\u00e2meras de seguran\u00e7a do Pal\u00e1cio do Planalto do dia 8 de janeiro, quando ocorreram atos. O sigilo das grava\u00e7\u00f5es tamb\u00e9m foi derrubado por Moraes, relator &hellip;<\/p>\n","protected":false},"author":3,"featured_media":70476,"comment_status":"closed","ping_status":"open","sticky":false,"template":"","format":"standard","meta":{"footnotes":""},"categories":[19,4],"tags":[],"class_list":["post-70475","post","type-post","status-publish","format-standard","has-post-thumbnail","hentry","category-manchete","category-ultimas-noticias"],"_links":{"self":[{"href":"https:\/\/goiasemtempo.com.br\/home\/wp-json\/wp\/v2\/posts\/70475","targetHints":{"allow":["GET"]}}],"collection":[{"href":"https:\/\/goiasemtempo.com.br\/home\/wp-json\/wp\/v2\/posts"}],"about":[{"href":"https:\/\/goiasemtempo.com.br\/home\/wp-json\/wp\/v2\/types\/post"}],"author":[{"embeddable":true,"href":"https:\/\/goiasemtempo.com.br\/home\/wp-json\/wp\/v2\/users\/3"}],"replies":[{"embeddable":true,"href":"https:\/\/goiasemtempo.com.br\/home\/wp-json\/wp\/v2\/comments?post=70475"}],"version-history":[{"count":1,"href":"https:\/\/goiasemtempo.com.br\/home\/wp-json\/wp\/v2\/posts\/70475\/revisions"}],"predecessor-version":[{"id":70477,"href":"https:\/\/goiasemtempo.com.br\/home\/wp-json\/wp\/v2\/posts\/70475\/revisions\/70477"}],"wp:featuredmedia":[{"embeddable":true,"href":"https:\/\/goiasemtempo.com.br\/home\/wp-json\/wp\/v2\/media\/70476"}],"wp:attachment":[{"href":"https:\/\/goiasemtempo.com.br\/home\/wp-json\/wp\/v2\/media?parent=70475"}],"wp:term":[{"taxonomy":"category","embeddable":true,"href":"https:\/\/goiasemtempo.com.br\/home\/wp-json\/wp\/v2\/categories?post=70475"},{"taxonomy":"post_tag","embeddable":true,"href":"https:\/\/goiasemtempo.com.br\/home\/wp-json\/wp\/v2\/tags?post=70475"}],"curies":[{"name":"wp","href":"https:\/\/api.w.org\/{rel}","templated":true}]}}