{"id":70252,"date":"2023-03-29T15:40:01","date_gmt":"2023-03-29T15:40:01","guid":{"rendered":"https:\/\/goiasemtempo.com.br\/home\/?p=70252"},"modified":"2023-03-29T15:40:01","modified_gmt":"2023-03-29T15:40:01","slug":"estudantes-de-artes-cenicas-do-municipio-tem-aula-especial-no-teatro-municipal-de-anapolis","status":"publish","type":"post","link":"https:\/\/goiasemtempo.com.br\/home\/estudantes-de-artes-cenicas-do-municipio-tem-aula-especial-no-teatro-municipal-de-anapolis\/","title":{"rendered":"Estudantes de artes c\u00eanicas do munic\u00edpio t\u00eam aula especial no Teatro Municipal de An\u00e1polis"},"content":{"rendered":"<p>As luzes da plateia se apagaram, as cortinas se abriram e os holofotes acenderam. No palco do Teatro Municipal de An\u00e1polis, sem o nervosismo de uma estreia, nos \u00faltimos dias, os atores que frequentam a Escola de Teatro de An\u00e1polis (ETA) fizeram uma aula especial. Al\u00e9m dos exerc\u00edcios tem\u00e1ticos, todas as turmas tiveram a oportunidade de conhecer de perto as fun\u00e7\u00f5es desempenhadas pelos profissionais do espa\u00e7o e saber na pr\u00e1tica como funcionam os equipamentos.<\/p>\n<p>\u201cFizemos uma homenagem diferente, levando os alunos para conhecerem e se apropriarem de um espa\u00e7o hist\u00f3rico e promissor das artes c\u00eanicas em nossa regi\u00e3o\u201d, aponta a secret\u00e1ria municipal de Integra\u00e7\u00e3o \u2013 Assist\u00eancia Social, Cultura, Esporte, Trabalho, Emprego e Renda, Eerizania Freitas.<\/p>\n<p>Entre os alunos estava o Caio Takeda, de 8 anos, sob os olhos atentos de sua m\u00e3e, que acompanhou da plateia um ensaio aberto com o filho e os colegas improvisando a partir de um roteiro proposto pela professora. \u201cA hiperatividade no dia a dia nos levou a buscar formas para que ele expressasse toda essa vontade e disposi\u00e7\u00e3o\u201d, conta Fernanda Takeda.<\/p>\n<p>O fasc\u00ednio de ver os atores e atrizes no cinema e nas s\u00e9ries trouxeram Isadora Nunes Gomes, de 14 anos, para se matricular na ETA. \u201cSempre gostei da arte da encena\u00e7\u00e3o e pensei em entrar na Escola para, quem sabe, seguir essa profiss\u00e3o\u201d, diz a adolescente, que tem percebido aos poucos as mudan\u00e7as na rotina ao se socializar melhor com as outras pessoas.<\/p>\n<p>Caio e Isadora est\u00e3o entre os mais de 170 alunos da ETA, distribu\u00eddos em faixas et\u00e1rias a partir dos 7 anos, em turmas nos per\u00edodos da manh\u00e3, tarde e noite, para o curso b\u00e1sico de teatro (CBT) e oficinas de pr\u00e1tica. \u201cPercebemos o desenvolvimento sobretudo humano destas crian\u00e7as, jovens e adultos, pois al\u00e9m da experi\u00eancia da arte, ganham um outro olhar para o mundo e a todos ao seu redor\u201d, destaca a diretora de Cultura, Nabyla Carneiro.<\/p>\n<p>Principal casa de espet\u00e1culos, o Teatro Municipal de An\u00e1polis foi fundado em 1985 e atualmente recebe o p\u00fablico em um espa\u00e7o todo reformado e reaberto em setembro do ano passado, fruto de um investimento de mais de R$ 1,4 milh\u00f5es. Acessibilidade ao p\u00fablico PNE, visibilidade melhorada de toda a plateia, novos pisos e forros, al\u00e9m de novos equipamentos de ilumina\u00e7\u00e3o e som foram algumas das mudan\u00e7as.<\/p>\n<p>Pelo local passam espet\u00e1culos de grupos vindos de outras partes do Pa\u00eds, como tamb\u00e9m financiados pelo Fundo Municipal de Cultura (FMC), que entregou mais de R$ 160 mil para teatro e circo, em projetos de forma\u00e7\u00e3o e apresenta\u00e7\u00e3o, pelo edital de 2021. Est\u00e3o prestes a ser liberados quase R$ 200 mil pelo edital mais recente, aberto em 2022.<\/p>\n<p><img decoding=\"async\" src=\"https:\/\/goiasemtempo.com.br\/home\/wp-content\/uploads\/2023\/03\/teatro-1.jpg\" \/><\/p>\n<p><img decoding=\"async\" src=\"https:\/\/goiasemtempo.com.br\/home\/wp-content\/uploads\/2023\/03\/arabe-3-1.jpg\" \/><\/p>\n<p>&nbsp;<\/p>\n<p>&nbsp;<\/p>\n","protected":false},"excerpt":{"rendered":"<p>As luzes da plateia se apagaram, as cortinas se abriram e os holofotes acenderam. No palco do Teatro Municipal de An\u00e1polis, sem o nervosismo de uma estreia, nos \u00faltimos dias, os atores que frequentam a Escola de Teatro de An\u00e1polis (ETA) fizeram uma aula especial. Al\u00e9m dos exerc\u00edcios tem\u00e1ticos, todas as turmas tiveram a oportunidade &hellip;<\/p>\n","protected":false},"author":3,"featured_media":70255,"comment_status":"closed","ping_status":"open","sticky":false,"template":"","format":"standard","meta":{"_exactmetrics_skip_tracking":false,"_exactmetrics_sitenote_active":false,"_exactmetrics_sitenote_note":"","_exactmetrics_sitenote_category":0,"footnotes":""},"categories":[18,32],"tags":[],"_links":{"self":[{"href":"https:\/\/goiasemtempo.com.br\/home\/wp-json\/wp\/v2\/posts\/70252"}],"collection":[{"href":"https:\/\/goiasemtempo.com.br\/home\/wp-json\/wp\/v2\/posts"}],"about":[{"href":"https:\/\/goiasemtempo.com.br\/home\/wp-json\/wp\/v2\/types\/post"}],"author":[{"embeddable":true,"href":"https:\/\/goiasemtempo.com.br\/home\/wp-json\/wp\/v2\/users\/3"}],"replies":[{"embeddable":true,"href":"https:\/\/goiasemtempo.com.br\/home\/wp-json\/wp\/v2\/comments?post=70252"}],"version-history":[{"count":1,"href":"https:\/\/goiasemtempo.com.br\/home\/wp-json\/wp\/v2\/posts\/70252\/revisions"}],"predecessor-version":[{"id":70256,"href":"https:\/\/goiasemtempo.com.br\/home\/wp-json\/wp\/v2\/posts\/70252\/revisions\/70256"}],"wp:featuredmedia":[{"embeddable":true,"href":"https:\/\/goiasemtempo.com.br\/home\/wp-json\/wp\/v2\/media\/70255"}],"wp:attachment":[{"href":"https:\/\/goiasemtempo.com.br\/home\/wp-json\/wp\/v2\/media?parent=70252"}],"wp:term":[{"taxonomy":"category","embeddable":true,"href":"https:\/\/goiasemtempo.com.br\/home\/wp-json\/wp\/v2\/categories?post=70252"},{"taxonomy":"post_tag","embeddable":true,"href":"https:\/\/goiasemtempo.com.br\/home\/wp-json\/wp\/v2\/tags?post=70252"}],"curies":[{"name":"wp","href":"https:\/\/api.w.org\/{rel}","templated":true}]}}