{"id":70159,"date":"2023-03-23T13:42:19","date_gmt":"2023-03-23T13:42:19","guid":{"rendered":"https:\/\/goiasemtempo.com.br\/home\/?p=70159"},"modified":"2023-03-23T13:42:19","modified_gmt":"2023-03-23T13:42:19","slug":"empresas-apresentam-nova-frota-de-onibus-que-vai-operar-em-goias","status":"publish","type":"post","link":"https:\/\/goiasemtempo.com.br\/home\/empresas-apresentam-nova-frota-de-onibus-que-vai-operar-em-goias\/","title":{"rendered":"Empresas apresentam nova frota de \u00f4nibus que vai operar em Goi\u00e1s"},"content":{"rendered":"<p>As empresas respons\u00e1veis pelo transporte de passageiros entre munic\u00edpios iniciam, nesta semana, a renova\u00e7\u00e3o da frota que atende milhares de usu\u00e1rios em todo o estado. Os primeiros 12 ve\u00edculos adquiridos foram apresentados na manh\u00e3 desta quarta-feira (22), na Pra\u00e7a C\u00edvica, em Goi\u00e2nia. \u201cS\u00e3o tudo aquilo que o cidad\u00e3o precisa para ter a garantia de uma viagem com seguran\u00e7a e com pre\u00e7o compat\u00edvel\u201d, afirmou o governador Ronaldo Caiado, presente na solenidade.<\/p>\n<p>Os \u00f4nibus s\u00e3o dos tipos semiurbano, leito e semileito, que oferecem ao usu\u00e1rio itens como poltronas de m\u00e1xima inclina\u00e7\u00e3o, descanso para as pernas, ar condicionado, acesso \u00e0 internet wi-fi e maior acessibilidade. A modalidade com conforto extra vai operar de forma simult\u00e2nea \u00e0 convencional e foi autorizada por resolu\u00e7\u00e3o normativa publicada no m\u00eas de janeiro pela Ag\u00eancia Goiana de Regula\u00e7\u00e3o, Controle e Fiscaliza\u00e7\u00e3o de Servi\u00e7os P\u00fablicos (AGR). Antes, essa op\u00e7\u00e3o estava dispon\u00edvel apenas para viagens para outros estados.<\/p>\n<p>Durante o evento, que contou com a presen\u00e7a de representantes do Sindicato das Empresas de Transporte Intermunicipais, a ag\u00eancia refor\u00e7ou que a fiscaliza\u00e7\u00e3o sobre o cumprimento de rotas e hor\u00e1rios continua, assim como o combate ao transporte clandestino. Para a nova modalidade, poder\u00e1 ser aplicada tarifa diferenciada, com \u00edndice de correla\u00e7\u00e3o tarif\u00e1ria definido pela AGR.<\/p>\n<p>O vice-governador, Daniel Viela, e o secret\u00e1rio-geral do Governo, Adriano da Rocha Lima, tamb\u00e9m integraram a comitiva do Governo de Goi\u00e1s que recebeu simbolicamente a nova frota. Estacionados ao longo da pra\u00e7a, os \u00f4nibus ficaram \u00e0 disposi\u00e7\u00e3o de estudantes e usu\u00e1rios para demonstra\u00e7\u00e3o dos itens de conforto e seguran\u00e7a.<\/p>\n<h3 id=\"h-municipios\"><strong>Munic\u00edpios<\/strong><\/h3>\n<p>Confirmaram investimentos para opera\u00e7\u00e3o com leito e semileito as empresas respons\u00e1veis por linhas que ligam Goi\u00e2nia a Rio Verde, Jata\u00ed, Mineiros, Ceres, Rialma, Urua\u00e7u, Porangatu e S\u00e3o Miguel do Araguaia, entre outros. S\u00e3o elas: Expresso Marly, Expresso S\u00e3o Luiz e Via\u00e7\u00e3o Araguatur. J\u00e1 a empresa Via\u00e7\u00e3o Araguarina ir\u00e1 oferecer uma linha semiurbana diferenciada entre Goi\u00e2nia e An\u00e1polis. No site da AGR (<strong><a href=\"https:\/\/www.agr.go.gov.br\/\" target=\"_blank\" rel=\"noreferrer noopener\">www.agr.go.gov.br<\/a><\/strong>) \u00e9 poss\u00edvel conferir os itiner\u00e1rios e hor\u00e1rios de embarque.<\/p>\n","protected":false},"excerpt":{"rendered":"<p>As empresas respons\u00e1veis pelo transporte de passageiros entre munic\u00edpios iniciam, nesta semana, a renova\u00e7\u00e3o da frota que atende milhares de usu\u00e1rios em todo o estado. Os primeiros 12 ve\u00edculos adquiridos foram apresentados na manh\u00e3 desta quarta-feira (22), na Pra\u00e7a C\u00edvica, em Goi\u00e2nia. \u201cS\u00e3o tudo aquilo que o cidad\u00e3o precisa para ter a garantia de uma &hellip;<\/p>\n","protected":false},"author":3,"featured_media":70160,"comment_status":"closed","ping_status":"open","sticky":false,"template":"","format":"standard","meta":{"_exactmetrics_skip_tracking":false,"_exactmetrics_sitenote_active":false,"_exactmetrics_sitenote_note":"","_exactmetrics_sitenote_category":0,"footnotes":""},"categories":[15,19,346],"tags":[],"_links":{"self":[{"href":"https:\/\/goiasemtempo.com.br\/home\/wp-json\/wp\/v2\/posts\/70159"}],"collection":[{"href":"https:\/\/goiasemtempo.com.br\/home\/wp-json\/wp\/v2\/posts"}],"about":[{"href":"https:\/\/goiasemtempo.com.br\/home\/wp-json\/wp\/v2\/types\/post"}],"author":[{"embeddable":true,"href":"https:\/\/goiasemtempo.com.br\/home\/wp-json\/wp\/v2\/users\/3"}],"replies":[{"embeddable":true,"href":"https:\/\/goiasemtempo.com.br\/home\/wp-json\/wp\/v2\/comments?post=70159"}],"version-history":[{"count":1,"href":"https:\/\/goiasemtempo.com.br\/home\/wp-json\/wp\/v2\/posts\/70159\/revisions"}],"predecessor-version":[{"id":70161,"href":"https:\/\/goiasemtempo.com.br\/home\/wp-json\/wp\/v2\/posts\/70159\/revisions\/70161"}],"wp:featuredmedia":[{"embeddable":true,"href":"https:\/\/goiasemtempo.com.br\/home\/wp-json\/wp\/v2\/media\/70160"}],"wp:attachment":[{"href":"https:\/\/goiasemtempo.com.br\/home\/wp-json\/wp\/v2\/media?parent=70159"}],"wp:term":[{"taxonomy":"category","embeddable":true,"href":"https:\/\/goiasemtempo.com.br\/home\/wp-json\/wp\/v2\/categories?post=70159"},{"taxonomy":"post_tag","embeddable":true,"href":"https:\/\/goiasemtempo.com.br\/home\/wp-json\/wp\/v2\/tags?post=70159"}],"curies":[{"name":"wp","href":"https:\/\/api.w.org\/{rel}","templated":true}]}}