{"id":70139,"date":"2023-03-22T14:58:46","date_gmt":"2023-03-22T14:58:46","guid":{"rendered":"https:\/\/goiasemtempo.com.br\/home\/?p=70139"},"modified":"2023-03-22T14:58:46","modified_gmt":"2023-03-22T14:58:46","slug":"alvo-do-pcc-promotor-afirma-que-convive-com-ameacas-desde-que-transferiu-marcola-para-presidio-federal","status":"publish","type":"post","link":"https:\/\/goiasemtempo.com.br\/home\/alvo-do-pcc-promotor-afirma-que-convive-com-ameacas-desde-que-transferiu-marcola-para-presidio-federal\/","title":{"rendered":"Alvo do PCC, promotor afirma que convive com amea\u00e7as desde que transferiu Marcola para pres\u00eddio federal"},"content":{"rendered":"<p>O promotor Lincoln Gakiya, do Grupo de Atua\u00e7\u00e3o Especial de Combate ao Crime Organizado (GAECO), afirmou que o plano para matar o senador Sergio Moro foi identificado por meio de um depoimento colhido de uma testemunha em investiga\u00e7\u00f5es no final de janeiro. Segundo ele, a a\u00e7\u00e3o foi articulada por uma esp\u00e9cie de \u201cdepartamento de homic\u00eddios\u201d da fac\u00e7\u00e3o criminosa, que usava um codinome para se referir a Moro. H\u00e1 quase dez anos, Gakiya foi jurado de morte pela c\u00fapula do PCC em raz\u00e3o de sua atua\u00e7\u00e3o no combate ao crime organizado.<\/p>\n<p>Gakiya afirmou que n\u00e3o foi surpresa para ele, pois convive com amea\u00e7as h\u00e1 mais de quatro anos, desde que fez a remo\u00e7\u00e3o de Marcola, l\u00edder da fac\u00e7\u00e3o, para o pres\u00eddio federal. A informa\u00e7\u00e3o sobre o plano de matar ou sequestrar Moro surgiu em um depoimento colhido pelo Minist\u00e9rio P\u00fablico. De acordo com o promotor, as lideran\u00e7as da fac\u00e7\u00e3o estavam particularmente incomodadas com o fim da visita \u00edntima nos pres\u00eddios federais.<\/p>\n<div class=\"code-block code-block-5\">\n<div class=\"clever-core-ads\"><\/div>\n<\/div>\n<p>O promotor acionou a Pol\u00edcia Federal e a pol\u00edcia legislativa do Senado. As investiga\u00e7\u00f5es come\u00e7aram em janeiro e foram conclu\u00eddas em 45 dias, em um trabalho conjunto. O setor respons\u00e1vel na fac\u00e7\u00e3o pela articula\u00e7\u00e3o do plano, e que geralmente articula sequestros e resgates, \u00e9 chamado de \u201csetor de sintonia restrita\u201d, conhecido como \u201cdepartamento de homic\u00eddios e atentados\u201d da fac\u00e7\u00e3o.<\/p>\n","protected":false},"excerpt":{"rendered":"<p>O promotor Lincoln Gakiya, do Grupo de Atua\u00e7\u00e3o Especial de Combate ao Crime Organizado (GAECO), afirmou que o plano para matar o senador Sergio Moro foi identificado por meio de um depoimento colhido de uma testemunha em investiga\u00e7\u00f5es no final de janeiro. Segundo ele, a a\u00e7\u00e3o foi articulada por uma esp\u00e9cie de \u201cdepartamento de homic\u00eddios\u201d &hellip;<\/p>\n","protected":false},"author":3,"featured_media":70140,"comment_status":"closed","ping_status":"open","sticky":false,"template":"","format":"standard","meta":{"footnotes":""},"categories":[4],"tags":[],"class_list":["post-70139","post","type-post","status-publish","format-standard","has-post-thumbnail","hentry","category-ultimas-noticias"],"_links":{"self":[{"href":"https:\/\/goiasemtempo.com.br\/home\/wp-json\/wp\/v2\/posts\/70139","targetHints":{"allow":["GET"]}}],"collection":[{"href":"https:\/\/goiasemtempo.com.br\/home\/wp-json\/wp\/v2\/posts"}],"about":[{"href":"https:\/\/goiasemtempo.com.br\/home\/wp-json\/wp\/v2\/types\/post"}],"author":[{"embeddable":true,"href":"https:\/\/goiasemtempo.com.br\/home\/wp-json\/wp\/v2\/users\/3"}],"replies":[{"embeddable":true,"href":"https:\/\/goiasemtempo.com.br\/home\/wp-json\/wp\/v2\/comments?post=70139"}],"version-history":[{"count":1,"href":"https:\/\/goiasemtempo.com.br\/home\/wp-json\/wp\/v2\/posts\/70139\/revisions"}],"predecessor-version":[{"id":70141,"href":"https:\/\/goiasemtempo.com.br\/home\/wp-json\/wp\/v2\/posts\/70139\/revisions\/70141"}],"wp:featuredmedia":[{"embeddable":true,"href":"https:\/\/goiasemtempo.com.br\/home\/wp-json\/wp\/v2\/media\/70140"}],"wp:attachment":[{"href":"https:\/\/goiasemtempo.com.br\/home\/wp-json\/wp\/v2\/media?parent=70139"}],"wp:term":[{"taxonomy":"category","embeddable":true,"href":"https:\/\/goiasemtempo.com.br\/home\/wp-json\/wp\/v2\/categories?post=70139"},{"taxonomy":"post_tag","embeddable":true,"href":"https:\/\/goiasemtempo.com.br\/home\/wp-json\/wp\/v2\/tags?post=70139"}],"curies":[{"name":"wp","href":"https:\/\/api.w.org\/{rel}","templated":true}]}}