{"id":70136,"date":"2023-03-22T14:54:31","date_gmt":"2023-03-22T14:54:31","guid":{"rendered":"https:\/\/goiasemtempo.com.br\/home\/?p=70136"},"modified":"2023-03-22T14:54:31","modified_gmt":"2023-03-22T14:54:31","slug":"eu-sinceramente-nunca-me-importei-com-a-autonomia-do-banco-central-declara-lula-em-entrevista","status":"publish","type":"post","link":"https:\/\/goiasemtempo.com.br\/home\/eu-sinceramente-nunca-me-importei-com-a-autonomia-do-banco-central-declara-lula-em-entrevista\/","title":{"rendered":"\u201cEu, sinceramente, nunca me importei com a autonomia do Banco Central\u201d, declara Lula em entrevista"},"content":{"rendered":"<p>Em entrevista ao site Brasil247, o presidente Luiz In\u00e1cio Lula da Silva (PT) afirmou que vai continuar pressionando o Banco Central para que a taxa b\u00e1sica de juros, a Selic, caia. Atualmente, a Selic est\u00e1 em 13,75% ao ano, a mais alta do mundo, em um momento em que n\u00e3o h\u00e1 excesso de demanda ou crise econ\u00f4mica. O Comit\u00ea de Pol\u00edtica Monet\u00e1ria (Copom) do Banco Central come\u00e7ou sua reuni\u00e3o nesta ter\u00e7a-feira (21) para decidir sobre a Selic, e o an\u00fancio ser\u00e1 feito amanh\u00e3.<\/p>\n<p>\u201cA gente s\u00f3 vai poder mudar o [presidente do] Banco Central daqui dois anos, porque ele tem autonomia. Eu, sinceramente, nunca me importei com a autonomia do Banco Central. Eu nunca achei que era importante. Eu n\u00e3o sei porque as pessoas acham que \u00e9 importante autonomia\u201d, disse Lula.<\/p>\n<div class=\"code-block code-block-5\">\n<div class=\"clever-core-ads\"><\/div>\n<\/div>\n<p>O mandat\u00e1rio ainda declarou: \u201cVou continuar batendo, tentando brigar para que a gente possa reduzir a taxa de juros para que a economia possa voltar a ter investimento\u201d. Ele disse que \u00e9 preciso pressionar o Banco Central para que a economia possa ter melhores condi\u00e7\u00f5es de investimento e desenvolvimento.<\/p>\n","protected":false},"excerpt":{"rendered":"<p>Em entrevista ao site Brasil247, o presidente Luiz In\u00e1cio Lula da Silva (PT) afirmou que vai continuar pressionando o Banco Central para que a taxa b\u00e1sica de juros, a Selic, caia. Atualmente, a Selic est\u00e1 em 13,75% ao ano, a mais alta do mundo, em um momento em que n\u00e3o h\u00e1 excesso de demanda ou &hellip;<\/p>\n","protected":false},"author":3,"featured_media":70137,"comment_status":"closed","ping_status":"open","sticky":false,"template":"","format":"standard","meta":{"_exactmetrics_skip_tracking":false,"_exactmetrics_sitenote_active":false,"_exactmetrics_sitenote_note":"","_exactmetrics_sitenote_category":0,"footnotes":""},"categories":[17,2],"tags":[],"_links":{"self":[{"href":"https:\/\/goiasemtempo.com.br\/home\/wp-json\/wp\/v2\/posts\/70136"}],"collection":[{"href":"https:\/\/goiasemtempo.com.br\/home\/wp-json\/wp\/v2\/posts"}],"about":[{"href":"https:\/\/goiasemtempo.com.br\/home\/wp-json\/wp\/v2\/types\/post"}],"author":[{"embeddable":true,"href":"https:\/\/goiasemtempo.com.br\/home\/wp-json\/wp\/v2\/users\/3"}],"replies":[{"embeddable":true,"href":"https:\/\/goiasemtempo.com.br\/home\/wp-json\/wp\/v2\/comments?post=70136"}],"version-history":[{"count":1,"href":"https:\/\/goiasemtempo.com.br\/home\/wp-json\/wp\/v2\/posts\/70136\/revisions"}],"predecessor-version":[{"id":70138,"href":"https:\/\/goiasemtempo.com.br\/home\/wp-json\/wp\/v2\/posts\/70136\/revisions\/70138"}],"wp:featuredmedia":[{"embeddable":true,"href":"https:\/\/goiasemtempo.com.br\/home\/wp-json\/wp\/v2\/media\/70137"}],"wp:attachment":[{"href":"https:\/\/goiasemtempo.com.br\/home\/wp-json\/wp\/v2\/media?parent=70136"}],"wp:term":[{"taxonomy":"category","embeddable":true,"href":"https:\/\/goiasemtempo.com.br\/home\/wp-json\/wp\/v2\/categories?post=70136"},{"taxonomy":"post_tag","embeddable":true,"href":"https:\/\/goiasemtempo.com.br\/home\/wp-json\/wp\/v2\/tags?post=70136"}],"curies":[{"name":"wp","href":"https:\/\/api.w.org\/{rel}","templated":true}]}}