{"id":69649,"date":"2023-02-03T15:38:56","date_gmt":"2023-02-03T15:38:56","guid":{"rendered":"https:\/\/goiasemtempo.com.br\/home\/?p=69649"},"modified":"2023-02-03T15:38:56","modified_gmt":"2023-02-03T15:38:56","slug":"irmao-de-zeze-di-camargo-luciano-camargo-e-procurado-pela-justica-apos-denuncia-de-artista","status":"publish","type":"post","link":"https:\/\/goiasemtempo.com.br\/home\/irmao-de-zeze-di-camargo-luciano-camargo-e-procurado-pela-justica-apos-denuncia-de-artista\/","title":{"rendered":"Irm\u00e3o de Zez\u00e9 Di Camargo, Luciano Camargo \u00e9 procurado pela Justi\u00e7a ap\u00f3s den\u00fancia de artista"},"content":{"rendered":"<p>Segundo as informa\u00e7\u00f5es da colunista F\u00e1bia Oliveira, do portal \u201cEm Off\u201d, a Justi\u00e7a est\u00e1 a procura do cantor Luciano Camargo, 50 anos, para cit\u00e1-lo em um processo movido pelo compositor Jo\u00e3o Gomes Rampani, conhecido como \u2018Netto\u2019.<\/p>\n<p><strong>Sem autoriza\u00e7\u00e3o e direitos autorais<\/strong><\/p>\n<p>Ainda de acordo com a jornalista do site do \u201cIG\u201d, a a\u00e7\u00e3o teve in\u00edcio ap\u00f3s o irm\u00e3o de Zez\u00e9 Di Camargo gravar uma can\u00e7\u00e3o de autoria de Netto, sem autoriza\u00e7\u00e3o para tal. Para piorar, Luciano n\u00e3o deu os cr\u00e9ditos nem pagou os direitos autorais ai compositor.<\/p>\n<p><strong>Entenda mais<\/strong><\/p>\n<p>Tudo come\u00e7ou quando Rampani se deparou com Luciano cantando sua can\u00e7\u00e3o chamada \u201cEle \u00e9 Jesus\u201d, em um programa da \u201cRecord TV\u201d. O artista explorou mais e descobriu que a m\u00fasica havia sido gravada pelo irm\u00e3o de Zez\u00e9 di Camargo e fazia parte do \u00e1lbum gospel \u201cA Ti Entrego\u201d. Acontece que os cr\u00e9ditos pela composi\u00e7\u00e3o foram dados apenas aos coautores da obra, F\u00e1tima Le\u00e3o e Vinicius Le\u00e3o, sem haver qualquer refer\u00eancia ao nome de Netto.<\/p>\n<p>Na a\u00e7\u00e3o, o m\u00fasico ressaltou que somente a dupla Fl\u00e1vio J\u00fanior e Fabiano teriam uma autoriza\u00e7\u00e3o legal para gravar sua m\u00fasica.<\/p>\n<p>Na Justi\u00e7a, Netto pede aos r\u00e9us o pagamento de R$ 500 mil por danos materiais e R$ 10 milh\u00f5es por danos morais, al\u00e9m de uma retra\u00e7\u00e3o p\u00fablica de Luciano Camargo, que at\u00e9 ent\u00e3o n\u00e3o aconteceu, pois foi alegado que ningu\u00e9m consegue encontr\u00e1-lo.<\/p>\n<p>Com Ag\u00eancia de Not\u00edcias<\/p>\n","protected":false},"excerpt":{"rendered":"<p>Segundo as informa\u00e7\u00f5es da colunista F\u00e1bia Oliveira, do portal \u201cEm Off\u201d, a Justi\u00e7a est\u00e1 a procura do cantor Luciano Camargo, 50 anos, para cit\u00e1-lo em um processo movido pelo compositor Jo\u00e3o Gomes Rampani, conhecido como \u2018Netto\u2019. Sem autoriza\u00e7\u00e3o e direitos autorais Ainda de acordo com a jornalista do site do \u201cIG\u201d, a a\u00e7\u00e3o teve in\u00edcio &hellip;<\/p>\n","protected":false},"author":3,"featured_media":69650,"comment_status":"closed","ping_status":"open","sticky":false,"template":"","format":"standard","meta":{"_exactmetrics_skip_tracking":false,"_exactmetrics_sitenote_active":false,"_exactmetrics_sitenote_note":"","_exactmetrics_sitenote_category":0,"footnotes":""},"categories":[53,26,66],"tags":[],"_links":{"self":[{"href":"https:\/\/goiasemtempo.com.br\/home\/wp-json\/wp\/v2\/posts\/69649"}],"collection":[{"href":"https:\/\/goiasemtempo.com.br\/home\/wp-json\/wp\/v2\/posts"}],"about":[{"href":"https:\/\/goiasemtempo.com.br\/home\/wp-json\/wp\/v2\/types\/post"}],"author":[{"embeddable":true,"href":"https:\/\/goiasemtempo.com.br\/home\/wp-json\/wp\/v2\/users\/3"}],"replies":[{"embeddable":true,"href":"https:\/\/goiasemtempo.com.br\/home\/wp-json\/wp\/v2\/comments?post=69649"}],"version-history":[{"count":1,"href":"https:\/\/goiasemtempo.com.br\/home\/wp-json\/wp\/v2\/posts\/69649\/revisions"}],"predecessor-version":[{"id":69651,"href":"https:\/\/goiasemtempo.com.br\/home\/wp-json\/wp\/v2\/posts\/69649\/revisions\/69651"}],"wp:featuredmedia":[{"embeddable":true,"href":"https:\/\/goiasemtempo.com.br\/home\/wp-json\/wp\/v2\/media\/69650"}],"wp:attachment":[{"href":"https:\/\/goiasemtempo.com.br\/home\/wp-json\/wp\/v2\/media?parent=69649"}],"wp:term":[{"taxonomy":"category","embeddable":true,"href":"https:\/\/goiasemtempo.com.br\/home\/wp-json\/wp\/v2\/categories?post=69649"},{"taxonomy":"post_tag","embeddable":true,"href":"https:\/\/goiasemtempo.com.br\/home\/wp-json\/wp\/v2\/tags?post=69649"}],"curies":[{"name":"wp","href":"https:\/\/api.w.org\/{rel}","templated":true}]}}