{"id":69623,"date":"2023-02-02T19:18:57","date_gmt":"2023-02-02T19:18:57","guid":{"rendered":"https:\/\/goiasemtempo.com.br\/home\/?p=69623"},"modified":"2023-02-02T19:18:57","modified_gmt":"2023-02-02T19:18:57","slug":"urgente-moraes-determina-prazo-de-5-dias-para-marcos-do-val-prestar-depoimento-a-pf","status":"publish","type":"post","link":"https:\/\/goiasemtempo.com.br\/home\/urgente-moraes-determina-prazo-de-5-dias-para-marcos-do-val-prestar-depoimento-a-pf\/","title":{"rendered":"URGENTE: Moraes determina prazo de 5 dias para Marcos do Val prestar depoimento \u00e0 PF"},"content":{"rendered":"<p>Nesta quinta-feira (2), o ministro do STF Alexandre de Moraes determinou que a Pol\u00edcia Federal ou\u00e7a o senador Marcos do Val (Podemos) no \u00e2mbito da investiga\u00e7\u00e3o dos atos de vandalismo do dia 8, quando as sedes dos Tr\u00eas Poderes foram depredadas. O magistrado fixou o prazo de cinco dias para a PF colher o depoimento.<\/p>\n<p>Moraes acatou o pedido da pr\u00f3pria PF, ap\u00f3s o an\u00fancio de ren\u00fancia do parlamentar que usou como justificativa uma suposta tentativa de grava\u00e7\u00e3o de conversa com o magistrado, a pedido de Daniel Silveira.<\/p>\n<p><em>\u201cConforme amplamente noticiado, o Senador MARCOS DO VAL divulgou em suas redes sociais ter recebido proposta com objetivo de ruptura do Estado Democr\u00e1tico de Direito, circunst\u00e2ncia que deve ser esclarecida no contexto mais amplo desta investiga\u00e7\u00e3o, notadamente no que diz respeito a eventual inten\u00e7\u00e3o golpista, o que pode caracterizar os crimes previstos nos arts. 359-M (golpe de Estado) e 359-L (aboli\u00e7\u00e3o violenta do Estado Democr\u00e1tico de Direito) do C\u00f3digo Penal\u201d<\/em>, afirmou Moraes na decis\u00e3o.<\/p>\n<p>&nbsp;<\/p>\n","protected":false},"excerpt":{"rendered":"<p>Nesta quinta-feira (2), o ministro do STF Alexandre de Moraes determinou que a Pol\u00edcia Federal ou\u00e7a o senador Marcos do Val (Podemos) no \u00e2mbito da investiga\u00e7\u00e3o dos atos de vandalismo do dia 8, quando as sedes dos Tr\u00eas Poderes foram depredadas. O magistrado fixou o prazo de cinco dias para a PF colher o depoimento. &hellip;<\/p>\n","protected":false},"author":3,"featured_media":69624,"comment_status":"closed","ping_status":"open","sticky":false,"template":"","format":"standard","meta":{"footnotes":""},"categories":[26,4],"tags":[],"class_list":["post-69623","post","type-post","status-publish","format-standard","has-post-thumbnail","hentry","category-justica","category-ultimas-noticias"],"_links":{"self":[{"href":"https:\/\/goiasemtempo.com.br\/home\/wp-json\/wp\/v2\/posts\/69623","targetHints":{"allow":["GET"]}}],"collection":[{"href":"https:\/\/goiasemtempo.com.br\/home\/wp-json\/wp\/v2\/posts"}],"about":[{"href":"https:\/\/goiasemtempo.com.br\/home\/wp-json\/wp\/v2\/types\/post"}],"author":[{"embeddable":true,"href":"https:\/\/goiasemtempo.com.br\/home\/wp-json\/wp\/v2\/users\/3"}],"replies":[{"embeddable":true,"href":"https:\/\/goiasemtempo.com.br\/home\/wp-json\/wp\/v2\/comments?post=69623"}],"version-history":[{"count":1,"href":"https:\/\/goiasemtempo.com.br\/home\/wp-json\/wp\/v2\/posts\/69623\/revisions"}],"predecessor-version":[{"id":69625,"href":"https:\/\/goiasemtempo.com.br\/home\/wp-json\/wp\/v2\/posts\/69623\/revisions\/69625"}],"wp:featuredmedia":[{"embeddable":true,"href":"https:\/\/goiasemtempo.com.br\/home\/wp-json\/wp\/v2\/media\/69624"}],"wp:attachment":[{"href":"https:\/\/goiasemtempo.com.br\/home\/wp-json\/wp\/v2\/media?parent=69623"}],"wp:term":[{"taxonomy":"category","embeddable":true,"href":"https:\/\/goiasemtempo.com.br\/home\/wp-json\/wp\/v2\/categories?post=69623"},{"taxonomy":"post_tag","embeddable":true,"href":"https:\/\/goiasemtempo.com.br\/home\/wp-json\/wp\/v2\/tags?post=69623"}],"curies":[{"name":"wp","href":"https:\/\/api.w.org\/{rel}","templated":true}]}}