{"id":69543,"date":"2023-01-12T13:33:24","date_gmt":"2023-01-12T13:33:24","guid":{"rendered":"https:\/\/goiasemtempo.com.br\/home\/?p=69543"},"modified":"2023-01-12T13:33:24","modified_gmt":"2023-01-12T13:33:24","slug":"prefeitura-de-anapolis-abre-inscricoes-para-cursos-de-qualificacao-em-gestao-e-industria","status":"publish","type":"post","link":"https:\/\/goiasemtempo.com.br\/home\/prefeitura-de-anapolis-abre-inscricoes-para-cursos-de-qualificacao-em-gestao-e-industria\/","title":{"rendered":"Prefeitura de An\u00e1polis abre inscri\u00e7\u00f5es para cursos de qualifica\u00e7\u00e3o em gest\u00e3o e ind\u00fastria"},"content":{"rendered":"<p>Por meio de pol\u00edticas p\u00fablicas que visam capacitar cidad\u00e3os para o mercado trabalho, a Prefeitura de An\u00e1polis abre 2023 com inscri\u00e7\u00f5es gratuitas para cursos de qualifica\u00e7\u00e3o profissional nas \u00e1reas de gest\u00e3o e ind\u00fastria, este \u00faltimo em parceria com o Senai. As vagas s\u00e3o limitadas e os interessados j\u00e1 podem se inscrever pelos telefones (62) 3902-2034 ou 3902-2626.<\/p>\n<p>\u201cEstamos formando cidad\u00e3os e profissionais em \u00e1reas que as empresas necessitam de m\u00e3o de obra qualificada, ao mesmo tempo investindo no empreendedorismo, para que tamb\u00e9m tenham seu pr\u00f3prio neg\u00f3cio\u201d, afirma o secret\u00e1rio de Ind\u00fastria, Com\u00e9rcio, Inova\u00e7\u00e3o, Trabalho, Turismo e Agricultura, Alex Martins.<\/p>\n<p>Os cursos disponibilizados s\u00e3o de auxiliar administrativo; atendente e recepcionista; empreendedorismo e gest\u00e3o de neg\u00f3cios; fundamentos transversais aplicados \u00e0 ind\u00fastria; e mec\u00e2nico automotivo. Todos com in\u00edcio ainda este m\u00eas. Somente em 2022, atrav\u00e9s do Espa\u00e7o da Oportunidade, foram qualificadas mais de 1,5 mil pessoas em 109 cursos oferecidos.<\/p>\n<p>Para mais informa\u00e7\u00f5es, o atendimento tamb\u00e9m \u00e9 feito de forma presencial no Espa\u00e7o da Oportunidade, na Avenida Senador Jos\u00e9 Louren\u00e7o Dias, esquina com a Avenida Goi\u00e1s. O hor\u00e1rio de funcionamento \u00e9 das 8h \u00e0s 17h, de segunda-feira a sexta-feira.<\/p>\n<p>Cursos oferecidos<\/p>\n<p>1 \u2013 Auxiliar Administrativo (In\u00edcio 16 de janeiro)<br \/>\nLocais:<br \/>\nCenfor Mirian Rezende (segunda, quarta e sexta, 14h30 \u00e0s 17h)<br \/>\nCenfor Residencial das Flores (segunda, quarta e sexta, 8h30 \u00e0s 11h30)<br \/>\nCenfor Jardim Tesouro (segunda, quarta e sexta, 13h \u00e0s 16h)<\/p>\n<p>2 \u2013 Atendente e Recepcionista (In\u00edcio 17 de janeiro)<br \/>\nLocal: Cenfor Mirian Rezende (ter\u00e7a e quinta, 8h30 \u00e0s 11h30)<\/p>\n<p>3 \u2013 Empreendedorismo e Gest\u00e3o de Neg\u00f3cios (In\u00edcio 17 de janeiro)<br \/>\nLocal: Cenfor Mirian Rezende (ter\u00e7a e quinta, 13h30 \u00e0s 16h)<\/p>\n<p>4 \u2013 Fundamentos Transversais Aplicados \u00e0 Ind\u00fastria (In\u00edcio 23 de janeiro)<br \/>\nLocal: Telecentro Jardim Alvorada (segunda a sexta, 7h30 \u00e0s 11h30)<\/p>\n<p>5 \u2013 Mec\u00e2nico Automotivo (In\u00edcio 23 de janeiro)<br \/>\nLocal: Senai (segunda a sexta, 19h \u00e0s 22h)<\/p>\n","protected":false},"excerpt":{"rendered":"<p>Por meio de pol\u00edticas p\u00fablicas que visam capacitar cidad\u00e3os para o mercado trabalho, a Prefeitura de An\u00e1polis abre 2023 com inscri\u00e7\u00f5es gratuitas para cursos de qualifica\u00e7\u00e3o profissional nas \u00e1reas de gest\u00e3o e ind\u00fastria, este \u00faltimo em parceria com o Senai. As vagas s\u00e3o limitadas e os interessados j\u00e1 podem se inscrever pelos telefones (62) 3902-2034 &hellip;<\/p>\n","protected":false},"author":3,"featured_media":69544,"comment_status":"closed","ping_status":"open","sticky":false,"template":"","format":"standard","meta":{"_exactmetrics_skip_tracking":false,"_exactmetrics_sitenote_active":false,"_exactmetrics_sitenote_note":"","_exactmetrics_sitenote_category":0,"footnotes":""},"categories":[18,497,19],"tags":[],"_links":{"self":[{"href":"https:\/\/goiasemtempo.com.br\/home\/wp-json\/wp\/v2\/posts\/69543"}],"collection":[{"href":"https:\/\/goiasemtempo.com.br\/home\/wp-json\/wp\/v2\/posts"}],"about":[{"href":"https:\/\/goiasemtempo.com.br\/home\/wp-json\/wp\/v2\/types\/post"}],"author":[{"embeddable":true,"href":"https:\/\/goiasemtempo.com.br\/home\/wp-json\/wp\/v2\/users\/3"}],"replies":[{"embeddable":true,"href":"https:\/\/goiasemtempo.com.br\/home\/wp-json\/wp\/v2\/comments?post=69543"}],"version-history":[{"count":1,"href":"https:\/\/goiasemtempo.com.br\/home\/wp-json\/wp\/v2\/posts\/69543\/revisions"}],"predecessor-version":[{"id":69545,"href":"https:\/\/goiasemtempo.com.br\/home\/wp-json\/wp\/v2\/posts\/69543\/revisions\/69545"}],"wp:featuredmedia":[{"embeddable":true,"href":"https:\/\/goiasemtempo.com.br\/home\/wp-json\/wp\/v2\/media\/69544"}],"wp:attachment":[{"href":"https:\/\/goiasemtempo.com.br\/home\/wp-json\/wp\/v2\/media?parent=69543"}],"wp:term":[{"taxonomy":"category","embeddable":true,"href":"https:\/\/goiasemtempo.com.br\/home\/wp-json\/wp\/v2\/categories?post=69543"},{"taxonomy":"post_tag","embeddable":true,"href":"https:\/\/goiasemtempo.com.br\/home\/wp-json\/wp\/v2\/tags?post=69543"}],"curies":[{"name":"wp","href":"https:\/\/api.w.org\/{rel}","templated":true}]}}