{"id":6931,"date":"2017-12-27T18:09:45","date_gmt":"2017-12-27T18:09:45","guid":{"rendered":"http:\/\/goiasemtempo.com.br\/home\/?p=6931"},"modified":"2017-12-27T18:09:45","modified_gmt":"2017-12-27T18:09:45","slug":"rebeldes-sirios-rejeitam-reuniao-de-paz-na-russia","status":"publish","type":"post","link":"https:\/\/goiasemtempo.com.br\/home\/rebeldes-sirios-rejeitam-reuniao-de-paz-na-russia\/","title":{"rendered":"Rebeldes s\u00edrios rejeitam reuni\u00e3o de paz na R\u00fassia"},"content":{"rendered":"<p>Dezenas de grupos rebeldes s\u00edrios rejeitaram um pedido de Moscou para a organiza\u00e7\u00e3o de um encontro de c\u00fapula com o regime de Damasco em janeiro em Sochi, com o objetivo de buscar uma solu\u00e7\u00e3o ao conflito na S\u00edria.<\/p>\n<p>R\u00fassia e Ir\u00e3 &#8211; aliados de peso do presidente s\u00edrio Bashar al-Assad &#8211; e Turquia &#8211; que apoia a rebeli\u00e3o &#8211; apresentaram a proposta para a organiza\u00e7\u00e3o de um congresso de di\u00e1logo nacional na cidade russa nos dias 29 e 30 de janeiro.<\/p>\n<p>A sugest\u00e3o foi apresentada no momento em que o equil\u00edbrio de for\u00e7as se inclina amplamente a favor do regime, que controla 55% do territ\u00f3rio s\u00edrio ap\u00f3s infligir uma s\u00e9rie de derrotas aos rebeldes.<\/p>\n<p>Rejeitamos totalmente a tentativa da R\u00fassia de evitar o processo de Genebra, afirma um comunicado divulgado por 40 grupos rebeldes, em refer\u00eancia \u00e0s negocia\u00e7\u00f5es de paz organizadas nesta cidade su\u00ed\u00e7a pela ONU e que ainda n\u00e3o conseguiram esbo\u00e7ar um plano de paz.<\/p>\n<p>Entre os grupos que assinaram o comunicado est\u00e3o o influente movimento islamita Ahrar al-Sham e grupos que no passado receberam armas de Washington, como as brigadas Al-Motasem.<\/p>\n<p>O regime de Damasco aceitou imediatamente participar na reuni\u00e3o de Sochi. O governo j\u00e1 criticou em v\u00e1rias ocasi\u00f5es o processo de Genebra.<\/p>\n<p>As negocia\u00e7\u00f5es sempre esbarram na quest\u00e3o do futuro de Assad. Damasco se recusa a abordar a eventualidade de sua sa\u00edda do poder, exigida pela oposi\u00e7\u00e3o.<\/p>\n<p>A complexa guerra na S\u00edria deixou mais de 340.000 mortos desde mar\u00e7o de 2011.<\/p>\n","protected":false},"excerpt":{"rendered":"<p>Dezenas de grupos rebeldes s\u00edrios rejeitaram um pedido de Moscou para a organiza\u00e7\u00e3o de um encontro de c\u00fapula com o regime de Damasco em janeiro em Sochi, com o objetivo de buscar uma solu\u00e7\u00e3o ao conflito na S\u00edria. R\u00fassia e Ir\u00e3 &#8211; aliados de peso do presidente s\u00edrio Bashar al-Assad &#8211; e Turquia &#8211; que &hellip;<\/p>\n","protected":false},"author":2,"featured_media":0,"comment_status":"open","ping_status":"open","sticky":false,"template":"","format":"standard","meta":{"_exactmetrics_skip_tracking":false,"_exactmetrics_sitenote_active":false,"_exactmetrics_sitenote_note":"","_exactmetrics_sitenote_category":0,"footnotes":""},"categories":[4],"tags":[],"_links":{"self":[{"href":"https:\/\/goiasemtempo.com.br\/home\/wp-json\/wp\/v2\/posts\/6931"}],"collection":[{"href":"https:\/\/goiasemtempo.com.br\/home\/wp-json\/wp\/v2\/posts"}],"about":[{"href":"https:\/\/goiasemtempo.com.br\/home\/wp-json\/wp\/v2\/types\/post"}],"author":[{"embeddable":true,"href":"https:\/\/goiasemtempo.com.br\/home\/wp-json\/wp\/v2\/users\/2"}],"replies":[{"embeddable":true,"href":"https:\/\/goiasemtempo.com.br\/home\/wp-json\/wp\/v2\/comments?post=6931"}],"version-history":[{"count":1,"href":"https:\/\/goiasemtempo.com.br\/home\/wp-json\/wp\/v2\/posts\/6931\/revisions"}],"predecessor-version":[{"id":6932,"href":"https:\/\/goiasemtempo.com.br\/home\/wp-json\/wp\/v2\/posts\/6931\/revisions\/6932"}],"wp:attachment":[{"href":"https:\/\/goiasemtempo.com.br\/home\/wp-json\/wp\/v2\/media?parent=6931"}],"wp:term":[{"taxonomy":"category","embeddable":true,"href":"https:\/\/goiasemtempo.com.br\/home\/wp-json\/wp\/v2\/categories?post=6931"},{"taxonomy":"post_tag","embeddable":true,"href":"https:\/\/goiasemtempo.com.br\/home\/wp-json\/wp\/v2\/tags?post=6931"}],"curies":[{"name":"wp","href":"https:\/\/api.w.org\/{rel}","templated":true}]}}