{"id":69302,"date":"2022-12-22T15:04:36","date_gmt":"2022-12-22T15:04:36","guid":{"rendered":"https:\/\/goiasemtempo.com.br\/home\/?p=69302"},"modified":"2022-12-22T15:05:09","modified_gmt":"2022-12-22T15:05:09","slug":"programacao-do-natal-de-coracao-em-anapolis-tera-encerramento-na-praca-bom-jesus","status":"publish","type":"post","link":"https:\/\/goiasemtempo.com.br\/home\/programacao-do-natal-de-coracao-em-anapolis-tera-encerramento-na-praca-bom-jesus\/","title":{"rendered":"Programa\u00e7\u00e3o do Natal de Cora\u00e7\u00e3o em An\u00e1polis ter\u00e1 encerramento na Pra\u00e7a Bom Jesus"},"content":{"rendered":"<p>O\u00a0<a href=\"https:\/\/www.anapolis.go.gov.br\/nataldecoracao\/\">Natal de Cora\u00e7\u00e3o<\/a>\u00a0ter\u00e1 na noite desta quarta-feira, 21, o encerramento da programa\u00e7\u00e3o oficial, que \u00e9 realizada pela Prefeitura de An\u00e1polis desde o dia 23 de novembro \u00faltimo.<\/p>\n<div id=\"porta-1236380529\" class=\"porta-artigos\">\n<div id=\"porta-1561095184\">\n<p>Desde ent\u00e3o, foram 26 dias de uma bonita festa, que percorreu todas as regi\u00f5es da cidade, incluindo os distritos administrativos, levando o clima natalino \u00e0s fam\u00edlias.<\/p>\n<\/div>\n<\/div>\n<p>Para encerrar com chave de ouro a edi\u00e7\u00e3o de 2022, o local escolhido foi a Pra\u00e7a Bom Jesus, na regi\u00e3o central de An\u00e1polis.<\/p>\n<div class=\"jnews_inline_related_post_wrapper left\">\n<div class=\"jnews_inline_related_post\">\n<div class=\"jeg_postblock_28 jeg_postblock jeg_module_hook jeg_pagination_disable jeg_col_2o3 jnews_module_125659_0_63a47130afe23 \" data-unique=\"jnews_module_125659_0_63a47130afe23\">\n<div class=\"jeg_block_heading jeg_block_heading_5 jeg_subcat_right\">O local, j\u00e1 devidamente ornamentado, receber\u00e1 a popula\u00e7\u00e3o Anapolina, que \u00e9 a convidada especial dessa festa, capitaneada pelo prefeito Roberto Naves e a primeira-dama e deputada eleita, Vivian Naves, junto com muitos colaboradores volunt\u00e1rios.<\/div>\n<\/div>\n<\/div>\n<\/div>\n<div class=\"jeg_ad jeg_ad_article jnews_content_inline_ads \">\n<div class=\"ads-wrapper align-center \">\n<div class=\"ads_code\">\n<p>A festa ter\u00e1 a participa\u00e7\u00e3o da Banda Lira de Prata de Santana e apresenta\u00e7\u00e3o Integra\u00e7\u00e3o Walter Beze, al\u00e9m de outras atra\u00e7\u00f5es.<\/p>\n<\/div>\n<\/div>\n<\/div>\n<p>Al\u00e9m disso, haver\u00e1 cabine de fotos instant\u00e2neas gratuitas, distribui\u00e7\u00e3o de pirulitos, algod\u00e3o doce e pipoca, distribui\u00e7\u00e3o de bal\u00f5es em forma de cora\u00e7\u00e3o, de brinquedos, pintura facial.<\/p>\n<p>Claro que n\u00e3o poderia faltar o Trenzinho Encantado e ele, o Papai Noel, para alegrar ainda mais as crian\u00e7as.<\/p>\n<p>A programa\u00e7\u00e3o ter\u00e1 in\u00edcio a partir das 18h30.<\/p>\n","protected":false},"excerpt":{"rendered":"<p>O\u00a0Natal de Cora\u00e7\u00e3o\u00a0ter\u00e1 na noite desta quarta-feira, 21, o encerramento da programa\u00e7\u00e3o oficial, que \u00e9 realizada pela Prefeitura de An\u00e1polis desde o dia 23 de novembro \u00faltimo. Desde ent\u00e3o, foram 26 dias de uma bonita festa, que percorreu todas as regi\u00f5es da cidade, incluindo os distritos administrativos, levando o clima natalino \u00e0s fam\u00edlias. Para encerrar &hellip;<\/p>\n","protected":false},"author":3,"featured_media":69303,"comment_status":"closed","ping_status":"open","sticky":false,"template":"","format":"standard","meta":{"_exactmetrics_skip_tracking":false,"_exactmetrics_sitenote_active":false,"_exactmetrics_sitenote_note":"","_exactmetrics_sitenote_category":0,"footnotes":""},"categories":[18,50,19],"tags":[],"_links":{"self":[{"href":"https:\/\/goiasemtempo.com.br\/home\/wp-json\/wp\/v2\/posts\/69302"}],"collection":[{"href":"https:\/\/goiasemtempo.com.br\/home\/wp-json\/wp\/v2\/posts"}],"about":[{"href":"https:\/\/goiasemtempo.com.br\/home\/wp-json\/wp\/v2\/types\/post"}],"author":[{"embeddable":true,"href":"https:\/\/goiasemtempo.com.br\/home\/wp-json\/wp\/v2\/users\/3"}],"replies":[{"embeddable":true,"href":"https:\/\/goiasemtempo.com.br\/home\/wp-json\/wp\/v2\/comments?post=69302"}],"version-history":[{"count":2,"href":"https:\/\/goiasemtempo.com.br\/home\/wp-json\/wp\/v2\/posts\/69302\/revisions"}],"predecessor-version":[{"id":69305,"href":"https:\/\/goiasemtempo.com.br\/home\/wp-json\/wp\/v2\/posts\/69302\/revisions\/69305"}],"wp:featuredmedia":[{"embeddable":true,"href":"https:\/\/goiasemtempo.com.br\/home\/wp-json\/wp\/v2\/media\/69303"}],"wp:attachment":[{"href":"https:\/\/goiasemtempo.com.br\/home\/wp-json\/wp\/v2\/media?parent=69302"}],"wp:term":[{"taxonomy":"category","embeddable":true,"href":"https:\/\/goiasemtempo.com.br\/home\/wp-json\/wp\/v2\/categories?post=69302"},{"taxonomy":"post_tag","embeddable":true,"href":"https:\/\/goiasemtempo.com.br\/home\/wp-json\/wp\/v2\/tags?post=69302"}],"curies":[{"name":"wp","href":"https:\/\/api.w.org\/{rel}","templated":true}]}}