{"id":69144,"date":"2022-12-08T13:49:11","date_gmt":"2022-12-08T13:49:11","guid":{"rendered":"https:\/\/goiasemtempo.com.br\/home\/?p=69144"},"modified":"2022-12-08T13:49:11","modified_gmt":"2022-12-08T13:49:11","slug":"joao-de-deus-tem-tres-novas-condenacoes-que-somam-109-anos-a-pena","status":"publish","type":"post","link":"https:\/\/goiasemtempo.com.br\/home\/joao-de-deus-tem-tres-novas-condenacoes-que-somam-109-anos-a-pena\/","title":{"rendered":"Jo\u00e3o de Deus tem tr\u00eas novas condena\u00e7\u00f5es que somam 109 anos \u00e0 pena"},"content":{"rendered":"<p>Jo\u00e3o Teixeira de Faria, mais conhecido como Jo\u00e3o de Deus, foi condenado nesta quarta-feira (7) em mais tr\u00eas processos, que ultrapassam 109 anos de reclus\u00e3o. As senten\u00e7as foram proferidas pelo juiz Marcos Boechat Lopes Filho, titular da comarca de Abadi\u00e2nia. O m\u00e9dium j\u00e1 havia sido condenado em outros seis processos, por viola\u00e7\u00e3o sexual mediante fraude, estupro de vulner\u00e1vel e posse ilegal e irregular de armas de fogo. Juntas, as penas dos nove processos somam mais de 223 anos e tr\u00eas meses de reclus\u00e3o.<\/p>\n<p>Na primeira senten\u00e7a, o m\u00e9dium recebeu 51 anos e nove meses de reclus\u00e3o em rela\u00e7\u00e3o a cinco v\u00edtimas por crimes de viola\u00e7\u00e3o sexual mediante fraude e estupro de vulner\u00e1vel, ocorridos entre os anos de 2010 e 2016. O r\u00e9u e seu filho, Sandro Teixeira de Oliveira, foram absolvidos dos crimes de corrup\u00e7\u00e3o de testemunha e de coa\u00e7\u00e3o no curso do processo.<\/p>\n<p>A segunda senten\u00e7a somou 16 anos e 10 meses de reclus\u00e3o, correspondendo, tamb\u00e9m, pelos mesmos crimes, em rela\u00e7\u00e3o a tr\u00eas novas v\u00edtimas, entre os anos de 2011 e 2013. Nesse processo, Jo\u00e3o de Deus foi absolvido em rela\u00e7\u00e3o a outras tr\u00eas v\u00edtimas e foi reconhecida a extin\u00e7\u00e3o da punibilidade pela prescri\u00e7\u00e3o em rela\u00e7\u00e3o a uma v\u00edtima.<\/p>\n<p>Por fim, Jo\u00e3o de Deus foi, mais uma vez, condenado a 41 anos e quatro meses de reclus\u00e3o, em rela\u00e7\u00e3o tamb\u00e9m a viola\u00e7\u00e3o sexual mediante fraude e estupro de vulner\u00e1vel. Desta vez, o processo envolvia cinco v\u00edtimas, em epis\u00f3dios ocorridos entre 2010 e 2015.<\/p>\n<h3 id=\"h-indenizacoes\"><strong>Indeniza\u00e7\u00f5es<\/strong><\/h3>\n<p>O r\u00e9u ainda foi condenado nas tr\u00eas a\u00e7\u00f5es penais a pagar indeniza\u00e7\u00f5es por danos morais \u00e0s v\u00edtimas em valores de at\u00e9 R$ 100 mil e segue em pris\u00e3o domiciliar determinada pelo Tribunal de Justi\u00e7a do Estado de Goias (TJGO), em substitui\u00e7\u00e3o \u00e0 pris\u00e3o preventiva decretada pelo ju\u00edzo da comarca de Abadi\u00e2nia.<\/p>\n<h3><strong>Hist\u00f3rico<\/strong><\/h3>\n<p>Jo\u00e3o de Deus teve a pris\u00e3o preventiva decretada em 14 de dezembro de 2018 e foi preso dois dias depois. Uma semana antes, no dia 7 de dezembro, as den\u00fancias contra o ent\u00e3o m\u00e9dium, internacionalmente famoso, foram \u00e0 tona no programa Conversa com Bial, na Rede Globo. Ap\u00f3s as primeiras mulheres relatarem os crimes em rede televisiva, v\u00e1rias outras procuram a pol\u00edcia e o Minist\u00e9rio P\u00fablico para dar queixa contra o l\u00edder espiritual.<\/p>\n<p>At\u00e9 o momento, os nove processos envolvendo viol\u00eancia sexual j\u00e1 julgados englobam 39 v\u00edtimas. H\u00e1, em tramita\u00e7\u00e3o, mais sete a\u00e7\u00f5es penais da mesma natureza em tramita\u00e7\u00e3o, em fase de alega\u00e7\u00f5es finais (instru\u00e7\u00e3o encerrada). Segundo o juiz Marcos Boechat Lopes Filho, todas devem ser julgadas at\u00e9 mar\u00e7o do ano que vem.<\/p>\n<p>O magistrado explicou que a tramita\u00e7\u00e3o de v\u00e1rios dos processos foi prejudicada pela pandemia de Covid-19, uma vez que \u201chouve necessidade de colher depoimentos de testemunhas e, em alguns casos, o n\u00famero de pessoas arroladas ultrapassou 80, com a necessidade de expedi\u00e7\u00e3o de carta precat\u00f3ria para ouvir aqueles que moram no exterior e em outros Estados\u201d.<\/p>\n<h3><strong>Condena\u00e7\u00f5es<\/strong><\/h3>\n<p>Em janeiro deste ano, Jo\u00e3o Teixeira de Faria foi condenado a quatro anos de reclus\u00e3o por crime de viola\u00e7\u00e3o sexual mediante fraude. Anteriormente, ele havia sido condenado a 19 anos e 4 meses de reclus\u00e3o, em processo envolvendo quatro v\u00edtimas; a mais 40 anos de reclus\u00e3o (cinco v\u00edtimas), a 44 anos e 6 meses de reclus\u00e3o (cinco v\u00edtimas) e a 2 anos e 6 meses de reclus\u00e3o (uma v\u00edtima), al\u00e9m de uma condena\u00e7\u00e3o por crime de posse irregular de arma de fogo de uso permitido e crime de posse ilegal de arma de fogo de uso restrito, a tr\u00eas anos de reclus\u00e3o.<\/p>\n","protected":false},"excerpt":{"rendered":"<p>Jo\u00e3o Teixeira de Faria, mais conhecido como Jo\u00e3o de Deus, foi condenado nesta quarta-feira (7) em mais tr\u00eas processos, que ultrapassam 109 anos de reclus\u00e3o. As senten\u00e7as foram proferidas pelo juiz Marcos Boechat Lopes Filho, titular da comarca de Abadi\u00e2nia. O m\u00e9dium j\u00e1 havia sido condenado em outros seis processos, por viola\u00e7\u00e3o sexual mediante fraude, &hellip;<\/p>\n","protected":false},"author":3,"featured_media":69145,"comment_status":"closed","ping_status":"open","sticky":false,"template":"","format":"standard","meta":{"_exactmetrics_skip_tracking":false,"_exactmetrics_sitenote_active":false,"_exactmetrics_sitenote_note":"","_exactmetrics_sitenote_category":0,"footnotes":""},"categories":[26,19],"tags":[],"_links":{"self":[{"href":"https:\/\/goiasemtempo.com.br\/home\/wp-json\/wp\/v2\/posts\/69144"}],"collection":[{"href":"https:\/\/goiasemtempo.com.br\/home\/wp-json\/wp\/v2\/posts"}],"about":[{"href":"https:\/\/goiasemtempo.com.br\/home\/wp-json\/wp\/v2\/types\/post"}],"author":[{"embeddable":true,"href":"https:\/\/goiasemtempo.com.br\/home\/wp-json\/wp\/v2\/users\/3"}],"replies":[{"embeddable":true,"href":"https:\/\/goiasemtempo.com.br\/home\/wp-json\/wp\/v2\/comments?post=69144"}],"version-history":[{"count":1,"href":"https:\/\/goiasemtempo.com.br\/home\/wp-json\/wp\/v2\/posts\/69144\/revisions"}],"predecessor-version":[{"id":69146,"href":"https:\/\/goiasemtempo.com.br\/home\/wp-json\/wp\/v2\/posts\/69144\/revisions\/69146"}],"wp:featuredmedia":[{"embeddable":true,"href":"https:\/\/goiasemtempo.com.br\/home\/wp-json\/wp\/v2\/media\/69145"}],"wp:attachment":[{"href":"https:\/\/goiasemtempo.com.br\/home\/wp-json\/wp\/v2\/media?parent=69144"}],"wp:term":[{"taxonomy":"category","embeddable":true,"href":"https:\/\/goiasemtempo.com.br\/home\/wp-json\/wp\/v2\/categories?post=69144"},{"taxonomy":"post_tag","embeddable":true,"href":"https:\/\/goiasemtempo.com.br\/home\/wp-json\/wp\/v2\/tags?post=69144"}],"curies":[{"name":"wp","href":"https:\/\/api.w.org\/{rel}","templated":true}]}}