{"id":68973,"date":"2022-11-30T15:13:35","date_gmt":"2022-11-30T15:13:35","guid":{"rendered":"https:\/\/goiasemtempo.com.br\/home\/?p=68973"},"modified":"2022-11-30T15:14:41","modified_gmt":"2022-11-30T15:14:41","slug":"pele-e-internado-em-sao-paulo-quimioterapia-nao-responde-e-situacao-preocupa","status":"publish","type":"post","link":"https:\/\/goiasemtempo.com.br\/home\/pele-e-internado-em-sao-paulo-quimioterapia-nao-responde-e-situacao-preocupa\/","title":{"rendered":"Pel\u00e9 \u00e9 internado em S\u00e3o Paulo; quimioterapia n\u00e3o responde e situa\u00e7\u00e3o preocupa"},"content":{"rendered":"<p>O ex-jogador <strong>Pel\u00e9<\/strong> foi <strong>novamente internado<\/strong> no hospital Albert Einstein, na zona sul de S\u00e3o Paulo, na \u00faltima ter\u00e7a-feira (29). Ao contr\u00e1rio das \u00faltimas passagens do Atleta do S\u00e9culo pelo local, a <strong>chegada desta vez n\u00e3o estava programada<\/strong>. O \u00eddolo foi levado pela esposa, M\u00e1rcia Aoki, e por um cuidador ap\u00f3s apresentar um <strong>quadro de incha\u00e7o por todo o corpo<\/strong>.<\/p>\n<aside class=\"inline float-r inline-track\">Ao chegar no Einstein, o corpo m\u00e9dico que cuida do atacante confirmou o quadro de anasarca (incha\u00e7o generalizado), uma s\u00edndrome edemig\u00eamica (edema generalizado) e ainda identificou uma \u201c<strong>insufici\u00eancia card\u00edaca descompensada<\/strong>\u201d.<\/p>\n<\/aside>\n<p>Outro problema relatado pela equipe m\u00e9dica \u00e9 o fato de a quimioterapia realizada ao longo dos \u00faltimos meses n\u00e3o apresentar mais respostas para os tumores presentes em diversos \u00f3rg\u00e3os do corpo do Rei do Futebol.<\/p>\n<p>Pel\u00e9 est\u00e1 sendo submetido a uma bateria de exames ao longo desta quarta-feira (30) para uma avalia\u00e7\u00e3o mais aprofundada dos problemas detectados e dos \u00f3rg\u00e3os comprometidos pelo c\u00e2ncer metast\u00e1tico.<\/p>\n<p>T\u00e3o logo deu entrada no Albert Einstein, Pel\u00e9, muito inquieto, tamb\u00e9m foi diagnosticado com uma confus\u00e3o mental. Os exames desta quarta-feira tamb\u00e9m avaliar\u00e3o a possibilidade da ocorr\u00eancia de uma encefalopatia hep\u00e1tica.<\/p>\n<p>O quadro delicado e o tratamento contra o c\u00e2ncer que j\u00e1 n\u00e3o apresenta mais respostas preocupam corpo m\u00e9dico e familiares.<\/p>\n<p>Debilitado, o ex-jogador apresenta dificuldades para se alimentar.<\/p>\n<p>Ainda em um quarto do hospital, Pel\u00e9, sua esposa e um cuidador aguardam as respostas dos exames para tomarem conhecimento sobre os pr\u00f3ximos passos do tratamento. N\u00e3o h\u00e1 qualquer previs\u00e3o de alta m\u00e9dica para o Rei.<\/p>\n<p>Procurado pela reportagem<strong>\u00a0<\/strong>desde a noite de ter\u00e7a-feira (29), a assessoria do Einstein n\u00e3o respondeu sobre a interna\u00e7\u00e3o e o quadro m\u00e9dico de Pel\u00e9.<\/p>\n<p>M\u00e1rcia, esposa do Rei, confirmou a interna\u00e7\u00e3o, mas diz que ela acontece apenas para exames e an\u00e1lise mensal da quimioterapia.<\/p>\n<p>O agente de Pel\u00e9, Joe Fraga, tamb\u00e9m foi procurado na noite de ter\u00e7a-feira. Ele disse que n\u00e3o estava ainda atualizado sobre o estado cl\u00ednico de Pel\u00e9.<\/p>\n<p>Com Ag\u00eancia de Not\u00edcias<\/p>\n","protected":false},"excerpt":{"rendered":"<p>O ex-jogador Pel\u00e9 foi novamente internado no hospital Albert Einstein, na zona sul de S\u00e3o Paulo, na \u00faltima ter\u00e7a-feira (29). Ao contr\u00e1rio das \u00faltimas passagens do Atleta do S\u00e9culo pelo local, a chegada desta vez n\u00e3o estava programada. O \u00eddolo foi levado pela esposa, M\u00e1rcia Aoki, e por um cuidador ap\u00f3s apresentar um quadro de &hellip;<\/p>\n","protected":false},"author":3,"featured_media":68974,"comment_status":"closed","ping_status":"open","sticky":false,"template":"","format":"standard","meta":{"_exactmetrics_skip_tracking":false,"_exactmetrics_sitenote_active":false,"_exactmetrics_sitenote_note":"","_exactmetrics_sitenote_category":0,"footnotes":""},"categories":[472,4],"tags":[],"_links":{"self":[{"href":"https:\/\/goiasemtempo.com.br\/home\/wp-json\/wp\/v2\/posts\/68973"}],"collection":[{"href":"https:\/\/goiasemtempo.com.br\/home\/wp-json\/wp\/v2\/posts"}],"about":[{"href":"https:\/\/goiasemtempo.com.br\/home\/wp-json\/wp\/v2\/types\/post"}],"author":[{"embeddable":true,"href":"https:\/\/goiasemtempo.com.br\/home\/wp-json\/wp\/v2\/users\/3"}],"replies":[{"embeddable":true,"href":"https:\/\/goiasemtempo.com.br\/home\/wp-json\/wp\/v2\/comments?post=68973"}],"version-history":[{"count":3,"href":"https:\/\/goiasemtempo.com.br\/home\/wp-json\/wp\/v2\/posts\/68973\/revisions"}],"predecessor-version":[{"id":68977,"href":"https:\/\/goiasemtempo.com.br\/home\/wp-json\/wp\/v2\/posts\/68973\/revisions\/68977"}],"wp:featuredmedia":[{"embeddable":true,"href":"https:\/\/goiasemtempo.com.br\/home\/wp-json\/wp\/v2\/media\/68974"}],"wp:attachment":[{"href":"https:\/\/goiasemtempo.com.br\/home\/wp-json\/wp\/v2\/media?parent=68973"}],"wp:term":[{"taxonomy":"category","embeddable":true,"href":"https:\/\/goiasemtempo.com.br\/home\/wp-json\/wp\/v2\/categories?post=68973"},{"taxonomy":"post_tag","embeddable":true,"href":"https:\/\/goiasemtempo.com.br\/home\/wp-json\/wp\/v2\/tags?post=68973"}],"curies":[{"name":"wp","href":"https:\/\/api.w.org\/{rel}","templated":true}]}}