{"id":68794,"date":"2022-11-08T23:50:37","date_gmt":"2022-11-08T23:50:37","guid":{"rendered":"https:\/\/goiasemtempo.com.br\/home\/?p=68794"},"modified":"2022-11-08T23:50:37","modified_gmt":"2022-11-08T23:50:37","slug":"tjgo-decreta-ponto-facultativo-no-judiciario-goiano-no-dia-14-de-novembro","status":"publish","type":"post","link":"https:\/\/goiasemtempo.com.br\/home\/tjgo-decreta-ponto-facultativo-no-judiciario-goiano-no-dia-14-de-novembro\/","title":{"rendered":"TJGO decreta ponto facultativo no Judici\u00e1rio goiano no dia 14 de novembro"},"content":{"rendered":"<p>O Tribunal de Justi\u00e7a de Goi\u00e1s, desembargador Carlos Alberto Fran\u00e7a, assinou decreto nesta ter\u00e7a-feira (8) no qual declara ponto facultativo no \u00e2mbito do Poder Judici\u00e1rio do<br \/>\nEstado de Goi\u00e1s no dia 14 de novembro de 2022, segunda-feira, v\u00e9spera do feriado nacional em comemora\u00e7\u00e3o \u00e0 Proclama\u00e7\u00e3o da Rep\u00fablica, no dia 15.<\/p>\n<p>Segundo o documento, o decreto n\u00e3o altera os plant\u00f5es para atendimento de quest\u00f5es judiciais urgentes, n\u00e3o se aplicando \u00e0s servidoras e aos servidores cujas atividades, por sua natureza ou em raz\u00e3o do interesse p\u00fablico, tornem indispens\u00e1vel a continuidade do servi\u00e7o.<\/p>\n<p>O governador de Goi\u00e1s, Ronaldo Caiado, e o prefeito de Goi\u00e2nia, Rog\u00e9rio Cruz, tamb\u00e9m j\u00e1 decretraram ponto facultativo no Estado e na capital no dia 14 de novembro.<\/p>\n","protected":false},"excerpt":{"rendered":"<p>O Tribunal de Justi\u00e7a de Goi\u00e1s, desembargador Carlos Alberto Fran\u00e7a, assinou decreto nesta ter\u00e7a-feira (8) no qual declara ponto facultativo no \u00e2mbito do Poder Judici\u00e1rio do Estado de Goi\u00e1s no dia 14 de novembro de 2022, segunda-feira, v\u00e9spera do feriado nacional em comemora\u00e7\u00e3o \u00e0 Proclama\u00e7\u00e3o da Rep\u00fablica, no dia 15. Segundo o documento, o decreto &hellip;<\/p>\n","protected":false},"author":3,"featured_media":68795,"comment_status":"open","ping_status":"open","sticky":false,"template":"","format":"standard","meta":{"_exactmetrics_skip_tracking":false,"_exactmetrics_sitenote_active":false,"_exactmetrics_sitenote_note":"","_exactmetrics_sitenote_category":0,"footnotes":""},"categories":[4],"tags":[],"_links":{"self":[{"href":"https:\/\/goiasemtempo.com.br\/home\/wp-json\/wp\/v2\/posts\/68794"}],"collection":[{"href":"https:\/\/goiasemtempo.com.br\/home\/wp-json\/wp\/v2\/posts"}],"about":[{"href":"https:\/\/goiasemtempo.com.br\/home\/wp-json\/wp\/v2\/types\/post"}],"author":[{"embeddable":true,"href":"https:\/\/goiasemtempo.com.br\/home\/wp-json\/wp\/v2\/users\/3"}],"replies":[{"embeddable":true,"href":"https:\/\/goiasemtempo.com.br\/home\/wp-json\/wp\/v2\/comments?post=68794"}],"version-history":[{"count":1,"href":"https:\/\/goiasemtempo.com.br\/home\/wp-json\/wp\/v2\/posts\/68794\/revisions"}],"predecessor-version":[{"id":68796,"href":"https:\/\/goiasemtempo.com.br\/home\/wp-json\/wp\/v2\/posts\/68794\/revisions\/68796"}],"wp:featuredmedia":[{"embeddable":true,"href":"https:\/\/goiasemtempo.com.br\/home\/wp-json\/wp\/v2\/media\/68795"}],"wp:attachment":[{"href":"https:\/\/goiasemtempo.com.br\/home\/wp-json\/wp\/v2\/media?parent=68794"}],"wp:term":[{"taxonomy":"category","embeddable":true,"href":"https:\/\/goiasemtempo.com.br\/home\/wp-json\/wp\/v2\/categories?post=68794"},{"taxonomy":"post_tag","embeddable":true,"href":"https:\/\/goiasemtempo.com.br\/home\/wp-json\/wp\/v2\/tags?post=68794"}],"curies":[{"name":"wp","href":"https:\/\/api.w.org\/{rel}","templated":true}]}}