{"id":68788,"date":"2022-11-08T23:22:34","date_gmt":"2022-11-08T23:22:34","guid":{"rendered":"https:\/\/goiasemtempo.com.br\/home\/?p=68788"},"modified":"2022-11-08T23:22:34","modified_gmt":"2022-11-08T23:22:34","slug":"mistura-feminina-realiza-6a-edicao-do-salao-de-negocios-black-friday-em-anapolis","status":"publish","type":"post","link":"https:\/\/goiasemtempo.com.br\/home\/mistura-feminina-realiza-6a-edicao-do-salao-de-negocios-black-friday-em-anapolis\/","title":{"rendered":"Mistura Feminina realiza 6\u00aa edi\u00e7\u00e3o do  Sal\u00e3o de Neg\u00f3cios Black Friday, em An\u00e1polis"},"content":{"rendered":"<p>An\u00e1polis ter\u00e1 a 6\u00aa Edi\u00e7\u00e3o do Sal\u00e3o de Neg\u00f3cios Black Friday nos dias 11 e 12 de novembro na Pra\u00e7a Americano do Brasil, a entrada \u00e9 franca.<\/p>\n<p>Mais de 50 expositoras que fazem parte do Projeto Mistura Feminina estar\u00e3o nestes dois dias para prestar atendimento personalizado aos clientes, que encontrar\u00e3o produtos de vestu\u00e1rio, cal\u00e7ados, artesanato, gastronomia, higiene e beleza; de boa qualidade e a pre\u00e7os acess\u00edveis.<\/p>\n<p><strong>Mistura Feminina \u00a0\u00a0\u00a0\u00a0\u00a0\u00a0 <\/strong><\/p>\n<p>Trata-se de um grupo de empreendedoras que trabalha com venda direta e online, em diversos segmentos e que tem a necessidade de flexibilizar hor\u00e1rios e evitar custos fixos.<\/p>\n<p>Em datas pontuais, surgiu a ideia de fazer feiras na garagem de casa das participantes, com o tempo a ideia ganhou for\u00e7a e sob a lideran\u00e7a de Wirla Karla Machado Tavares e apoio do Sebrae Goi\u00e1s, as feiras cresceram.<\/p>\n<p>As atividades do grupo n\u00e3o se restringem somente \u00e0s feiras, o grupo se encontra para participar de palestras, capacita\u00e7\u00f5es, realizar caf\u00e9 de neg\u00f3cios e organizar caravanas para visitar eventos de refer\u00eancia nacional.<\/p>\n<p>As mulheres empreendedoras que desejarem fazer parte do Mistura Feminina podem entrar em contato pelo instagram @misturafemininaaps.<\/p>\n<p><strong>Black Friday <\/strong><\/p>\n<p>O Sal\u00e3o que est\u00e1 na 6\u00aa edi\u00e7\u00e3o foi idealizada e tem o planejamento da Imagem Produ\u00e7\u00f5es, neste ano o Mistura Feminina foi convidado a realizar o evento, por meio da participa\u00e7\u00e3o das integrantes do grupo.\u00a0 O evento ter\u00e1 a montagem de uma estrutura profissional, composta de estandes padronizados para exposi\u00e7\u00e3o e realiza\u00e7\u00e3o de neg\u00f3cios com p\u00fablico alvo. Entre os principais apoiadores est\u00e3o o Sebrae Goi\u00e1s, o Sindicato do Com\u00e9rcio Varejista de An\u00e1polis (Sincovam ) e a Prefeitura Municipal de An\u00e1polis.<\/p>\n<p><strong>\u00a0<\/strong><strong>Servi\u00e7o:<\/strong><\/p>\n<p><strong>Data: 11 e 12 de novembro \u2013 sexta e s\u00e1bado<\/strong><\/p>\n<p><strong>Local: Pra\u00e7a Americano do Brasil \u2013 Centro \u2013 An\u00e1polis GO<\/strong><\/p>\n<p><strong>Hor\u00e1rio: Das 10h \u00e0s 20h<\/strong><\/p>\n<p><strong>Contato: Leidiana Batista (62) 98626-6155<\/strong><\/p>\n<p><img decoding=\"async\" src=\"https:\/\/goiasemtempo.com.br\/home\/wp-content\/uploads\/2022\/11\/mistura-fina-3.jpg\" \/><\/p>\n<p><img decoding=\"async\" src=\"https:\/\/goiasemtempo.com.br\/home\/wp-content\/uploads\/2022\/11\/mistura-fina-2.jpg\" \/><\/p>\n<p>&nbsp;<\/p>\n","protected":false},"excerpt":{"rendered":"<p>An\u00e1polis ter\u00e1 a 6\u00aa Edi\u00e7\u00e3o do Sal\u00e3o de Neg\u00f3cios Black Friday nos dias 11 e 12 de novembro na Pra\u00e7a Americano do Brasil, a entrada \u00e9 franca. Mais de 50 expositoras que fazem parte do Projeto Mistura Feminina estar\u00e3o nestes dois dias para prestar atendimento personalizado aos clientes, que encontrar\u00e3o produtos de vestu\u00e1rio, cal\u00e7ados, artesanato, &hellip;<\/p>\n","protected":false},"author":3,"featured_media":68791,"comment_status":"closed","ping_status":"open","sticky":false,"template":"","format":"standard","meta":{"_exactmetrics_skip_tracking":false,"_exactmetrics_sitenote_active":false,"_exactmetrics_sitenote_note":"","_exactmetrics_sitenote_category":0,"footnotes":""},"categories":[17,473,15],"tags":[],"_links":{"self":[{"href":"https:\/\/goiasemtempo.com.br\/home\/wp-json\/wp\/v2\/posts\/68788"}],"collection":[{"href":"https:\/\/goiasemtempo.com.br\/home\/wp-json\/wp\/v2\/posts"}],"about":[{"href":"https:\/\/goiasemtempo.com.br\/home\/wp-json\/wp\/v2\/types\/post"}],"author":[{"embeddable":true,"href":"https:\/\/goiasemtempo.com.br\/home\/wp-json\/wp\/v2\/users\/3"}],"replies":[{"embeddable":true,"href":"https:\/\/goiasemtempo.com.br\/home\/wp-json\/wp\/v2\/comments?post=68788"}],"version-history":[{"count":1,"href":"https:\/\/goiasemtempo.com.br\/home\/wp-json\/wp\/v2\/posts\/68788\/revisions"}],"predecessor-version":[{"id":68792,"href":"https:\/\/goiasemtempo.com.br\/home\/wp-json\/wp\/v2\/posts\/68788\/revisions\/68792"}],"wp:featuredmedia":[{"embeddable":true,"href":"https:\/\/goiasemtempo.com.br\/home\/wp-json\/wp\/v2\/media\/68791"}],"wp:attachment":[{"href":"https:\/\/goiasemtempo.com.br\/home\/wp-json\/wp\/v2\/media?parent=68788"}],"wp:term":[{"taxonomy":"category","embeddable":true,"href":"https:\/\/goiasemtempo.com.br\/home\/wp-json\/wp\/v2\/categories?post=68788"},{"taxonomy":"post_tag","embeddable":true,"href":"https:\/\/goiasemtempo.com.br\/home\/wp-json\/wp\/v2\/tags?post=68788"}],"curies":[{"name":"wp","href":"https:\/\/api.w.org\/{rel}","templated":true}]}}