{"id":68762,"date":"2022-11-07T15:54:43","date_gmt":"2022-11-07T15:54:43","guid":{"rendered":"https:\/\/goiasemtempo.com.br\/home\/?p=68762"},"modified":"2022-11-07T15:54:43","modified_gmt":"2022-11-07T15:54:43","slug":"caso-valerio-luiz-novo-julgamento-esta-marcado-para-acontecer-nesta-segunda-feira-7-em-goiania","status":"publish","type":"post","link":"https:\/\/goiasemtempo.com.br\/home\/caso-valerio-luiz-novo-julgamento-esta-marcado-para-acontecer-nesta-segunda-feira-7-em-goiania\/","title":{"rendered":"Caso Val\u00e9rio Luiz: Novo julgamento est\u00e1 marcado para acontecer nesta segunda feira (7), em Goi\u00e2nia"},"content":{"rendered":"<p>A sess\u00e3o de julgamento dos acusados pela morte do cronista esportivo Val\u00e9rio Luiz ser\u00e1 realizado nesta segunda-feira (7), no plen\u00e1rio do Tribunal de Justi\u00e7a de Goi\u00e1s (TJ-GO) em Goi\u00e2nia. Dessa vez o j\u00fari ser\u00e1 de forma popular com a participa\u00e7\u00e3o da sociedade. O in\u00edcio da sess\u00e3o de julgamento est\u00e1 previsto para iniciar \u00e0s 8h30 sem hora prevista para acabar.<\/p>\n<p>O J\u00fari ser\u00e1 presidido pelo juiz Lourival Machado. Ser\u00e3o submetidos ao julgamento o empres\u00e1rio Maur\u00edcio Sampaio, apontado como mandante do crime; Adem\u00e1 Figueredo Aguiar Filho, sargento da Pol\u00edcia Militar de Goi\u00e1s e suposto atirador; Djalma Gomes da Silva, Urbano de Carvalho Malta e Marcus Vin\u00edcius Pereira Xavier, apontados como articuladores.<\/p>\n<p>As sess\u00f5es de julgamento dos acusados na morte do jornalista Val\u00e9rio Luiz teve 4 adiamentos, o \u00faltimo foi no m\u00eas de julho deste ano. A medida ocorreu porque um dos integrantes do j\u00fari popular passou mal no hotel durante a madrugada de sess\u00e3o, e por conta pr\u00f3pria, foi para casa buscar um medicamento.<\/p>\n<p>O promotor de Justi\u00e7a explicou que ele n\u00e3o poderia deixar a hospedagem. \u201cQuando um jurado \u00e9 sorteado, ele fica incomunic\u00e1vel. O jurado passou mal, teve um problema com alimenta\u00e7\u00e3o e precisou de atendimento. O m\u00e9dico comprovou que ele n\u00e3o tem condi\u00e7\u00f5es de continuar. Se o j\u00fari acontecesse ap\u00f3s o jurado sair, todo o j\u00fari poderia ser anulado posteriormente\u201d, afirmou.<\/p>\n<p>A \u00e9poca ele tamb\u00e9m avaliou o julgamento e disse que as provas s\u00e3o suficientes para a condena\u00e7\u00e3o dos r\u00e9us. \u201cAs pessoas que foram inquiridas ontem foram muito seguras nas informa\u00e7\u00f5es que foram dadas. O Minist\u00e9rio P\u00fablico mant\u00e9m a mesma posi\u00e7\u00e3o do in\u00edcio do julgamento\u201d, assegurou.<\/p>\n<p>Para o promotor, os depoimentos do \u00faltimo j\u00fari foram reveladores. Por outro lado, a defesa de Maur\u00edcio Sampaio, acusando de ser o mandante do crime, disse estar segura da absolvi\u00e7\u00e3o. \u201cAs provas apresentadas foram refutadas por n\u00f3s e os jurados pressentiram isso, ao novo ver, que n\u00e3o teriam condi\u00e7\u00f5es de condenar os r\u00e9us\u201d, disse o advogado Silva Neto.<\/p>\n<p>Val\u00e9rio Luiz de Oliveira foi morto quando sa\u00eda da antiga R\u00e1dio Jornal, nossa atual R\u00e1dio Bandeirantes, em 5 de julho de 2012, no Setor Serrinha, em Goi\u00e2nia. Segundo os promotores do caso, a motiva\u00e7\u00e3o do crime seriam as cr\u00edticas feitas pelo radialista contra a dire\u00e7\u00e3o do Atl\u00e9tico Goianiense, da qual Maur\u00edcio Sampaio fazia parte.<\/p>\n","protected":false},"excerpt":{"rendered":"<p>A sess\u00e3o de julgamento dos acusados pela morte do cronista esportivo Val\u00e9rio Luiz ser\u00e1 realizado nesta segunda-feira (7), no plen\u00e1rio do Tribunal de Justi\u00e7a de Goi\u00e1s (TJ-GO) em Goi\u00e2nia. Dessa vez o j\u00fari ser\u00e1 de forma popular com a participa\u00e7\u00e3o da sociedade. O in\u00edcio da sess\u00e3o de julgamento est\u00e1 previsto para iniciar \u00e0s 8h30 sem &hellip;<\/p>\n","protected":false},"author":3,"featured_media":68763,"comment_status":"closed","ping_status":"open","sticky":false,"template":"","format":"standard","meta":{"_exactmetrics_skip_tracking":false,"_exactmetrics_sitenote_active":false,"_exactmetrics_sitenote_note":"","_exactmetrics_sitenote_category":0,"footnotes":""},"categories":[26,4],"tags":[],"_links":{"self":[{"href":"https:\/\/goiasemtempo.com.br\/home\/wp-json\/wp\/v2\/posts\/68762"}],"collection":[{"href":"https:\/\/goiasemtempo.com.br\/home\/wp-json\/wp\/v2\/posts"}],"about":[{"href":"https:\/\/goiasemtempo.com.br\/home\/wp-json\/wp\/v2\/types\/post"}],"author":[{"embeddable":true,"href":"https:\/\/goiasemtempo.com.br\/home\/wp-json\/wp\/v2\/users\/3"}],"replies":[{"embeddable":true,"href":"https:\/\/goiasemtempo.com.br\/home\/wp-json\/wp\/v2\/comments?post=68762"}],"version-history":[{"count":1,"href":"https:\/\/goiasemtempo.com.br\/home\/wp-json\/wp\/v2\/posts\/68762\/revisions"}],"predecessor-version":[{"id":68764,"href":"https:\/\/goiasemtempo.com.br\/home\/wp-json\/wp\/v2\/posts\/68762\/revisions\/68764"}],"wp:featuredmedia":[{"embeddable":true,"href":"https:\/\/goiasemtempo.com.br\/home\/wp-json\/wp\/v2\/media\/68763"}],"wp:attachment":[{"href":"https:\/\/goiasemtempo.com.br\/home\/wp-json\/wp\/v2\/media?parent=68762"}],"wp:term":[{"taxonomy":"category","embeddable":true,"href":"https:\/\/goiasemtempo.com.br\/home\/wp-json\/wp\/v2\/categories?post=68762"},{"taxonomy":"post_tag","embeddable":true,"href":"https:\/\/goiasemtempo.com.br\/home\/wp-json\/wp\/v2\/tags?post=68762"}],"curies":[{"name":"wp","href":"https:\/\/api.w.org\/{rel}","templated":true}]}}