{"id":68451,"date":"2022-10-04T14:36:36","date_gmt":"2022-10-04T14:36:36","guid":{"rendered":"http:\/\/goiasemtempo.com.br\/home\/?p=68451"},"modified":"2022-10-04T14:36:36","modified_gmt":"2022-10-04T14:36:36","slug":"zema-declara-apoio-a-bolsonaro-e-presidente-fala-em-ajuda-decisiva","status":"publish","type":"post","link":"https:\/\/goiasemtempo.com.br\/home\/zema-declara-apoio-a-bolsonaro-e-presidente-fala-em-ajuda-decisiva\/","title":{"rendered":"Zema declara apoio a Bolsonaro, e presidente fala em ajuda decisiva"},"content":{"rendered":"<p>O governador Romeu Zema (Novo) anunciou nesta ter\u00e7a-feira (4) o apoio \u00e0 reelei\u00e7\u00e3o do presidente Jair Bolsonaro (PL). O mandat\u00e1rio afirmou que a ajuda de Zema \u00e9 \u201cessencial\u201d e \u201cdecisiva\u201d para que ven\u00e7a as elei\u00e7\u00f5es.<\/p>\n<div id=\"sagre-1834204434\" class=\"sagre-materia-primeiro-paragrafo\">\n<div id=\"m_arroba-3\">Zema, por sua vez, disse que tem diverg\u00eancias com o chefe do Executivo, mas que neste segundo turno das elei\u00e7\u00f5es \u00e9 importante deixar as diferen\u00e7as de lado para evitar uma vit\u00f3ria do ex-presidente Luiz In\u00e1cio Lula da Silva (PT).<\/div>\n<\/div>\n<p>\u201cSempre dialoguei com o presidente Bolsonaro, sabemos que em muitas coisas convergimos e em outras, n\u00e3o, mas \u00e9 momento em que Brasil precisa caminhar para frente e eu acredito muito mais na proposta do presidente Bolsonaro do que na proposta do advers\u00e1rio\u201d, disse.<\/p>\n<p>Bolsonaro afirmou que sempre teve afinidades com Zema, mas que lan\u00e7ou o senador Carlos Viana (PL-MG) para a disputa de governador em Minas para facilitar a chegada de seu nome em \u201cpontos mais isolados do estado\u201d.<\/p>\n<p>\u201cQuem ganha l\u00e1 [em Minas Gerais], diz a tradi\u00e7\u00e3o, pode ganhar a presid\u00eancia\u201d, resumiu o presidente.<\/p>\n<div id=\"sagre-1998299576\" class=\"sagre-materia-4-paragrafos\">\n<div id=\"m_arroba-4\">Ao lado de Zema, Bolsonaro afirmou que tamb\u00e9m est\u00e1 marcado para encontrar nesta ter\u00e7a-feira o governador de S\u00e3o Paulo, Rodrigo Garcia (PSDB), que ficou em terceiro lugar nas elei\u00e7\u00f5es e n\u00e3o conseguiu ir para o segundo turno.<\/div>\n<\/div>\n<p>Bolsonaro tamb\u00e9m disse que est\u00e1 aberto a conversar com ACM Neto (Uni\u00e3o Brasil), que disputar\u00e1 o segundo turno das elei\u00e7\u00f5es para governador da Bahia contra Jer\u00f4nimo Rodrigues (PT), que tem o apoio de Lula. \u201cSe o ACM Neto quiser, estou \u00e0 disposi\u00e7\u00e3o\u201d, disse.<\/p>\n","protected":false},"excerpt":{"rendered":"<p>O governador Romeu Zema (Novo) anunciou nesta ter\u00e7a-feira (4) o apoio \u00e0 reelei\u00e7\u00e3o do presidente Jair Bolsonaro (PL). O mandat\u00e1rio afirmou que a ajuda de Zema \u00e9 \u201cessencial\u201d e \u201cdecisiva\u201d para que ven\u00e7a as elei\u00e7\u00f5es. Zema, por sua vez, disse que tem diverg\u00eancias com o chefe do Executivo, mas que neste segundo turno das elei\u00e7\u00f5es &hellip;<\/p>\n","protected":false},"author":3,"featured_media":68452,"comment_status":"open","ping_status":"open","sticky":false,"template":"","format":"standard","meta":{"_exactmetrics_skip_tracking":false,"_exactmetrics_sitenote_active":false,"_exactmetrics_sitenote_note":"","_exactmetrics_sitenote_category":0,"footnotes":""},"categories":[30,19,2],"tags":[],"_links":{"self":[{"href":"https:\/\/goiasemtempo.com.br\/home\/wp-json\/wp\/v2\/posts\/68451"}],"collection":[{"href":"https:\/\/goiasemtempo.com.br\/home\/wp-json\/wp\/v2\/posts"}],"about":[{"href":"https:\/\/goiasemtempo.com.br\/home\/wp-json\/wp\/v2\/types\/post"}],"author":[{"embeddable":true,"href":"https:\/\/goiasemtempo.com.br\/home\/wp-json\/wp\/v2\/users\/3"}],"replies":[{"embeddable":true,"href":"https:\/\/goiasemtempo.com.br\/home\/wp-json\/wp\/v2\/comments?post=68451"}],"version-history":[{"count":1,"href":"https:\/\/goiasemtempo.com.br\/home\/wp-json\/wp\/v2\/posts\/68451\/revisions"}],"predecessor-version":[{"id":68453,"href":"https:\/\/goiasemtempo.com.br\/home\/wp-json\/wp\/v2\/posts\/68451\/revisions\/68453"}],"wp:featuredmedia":[{"embeddable":true,"href":"https:\/\/goiasemtempo.com.br\/home\/wp-json\/wp\/v2\/media\/68452"}],"wp:attachment":[{"href":"https:\/\/goiasemtempo.com.br\/home\/wp-json\/wp\/v2\/media?parent=68451"}],"wp:term":[{"taxonomy":"category","embeddable":true,"href":"https:\/\/goiasemtempo.com.br\/home\/wp-json\/wp\/v2\/categories?post=68451"},{"taxonomy":"post_tag","embeddable":true,"href":"https:\/\/goiasemtempo.com.br\/home\/wp-json\/wp\/v2\/tags?post=68451"}],"curies":[{"name":"wp","href":"https:\/\/api.w.org\/{rel}","templated":true}]}}