{"id":68310,"date":"2022-09-13T01:24:44","date_gmt":"2022-09-13T01:24:44","guid":{"rendered":"http:\/\/goiasemtempo.com.br\/home\/?p=68310"},"modified":"2022-09-13T01:24:44","modified_gmt":"2022-09-13T01:24:44","slug":"trafego-de-onibus-no-anel-interno-da-praca-civica-e-liberado","status":"publish","type":"post","link":"https:\/\/goiasemtempo.com.br\/home\/trafego-de-onibus-no-anel-interno-da-praca-civica-e-liberado\/","title":{"rendered":"Tr\u00e1fego de \u00f4nibus no anel interno da Pra\u00e7a C\u00edvica \u00e9 liberado"},"content":{"rendered":"<p>O tr\u00e1fego de \u00f4nibus no anel interno da Pra\u00e7a C\u00edvica foi liberado pela Prefeitura de Goi\u00e2nia, neste domingo (11), mesmo com o andamento das obras do BRT Norte-Sul no local. No entanto, para que a libera\u00e7\u00e3o ocorresse, as secretarias municipais de Infraestrutura e Mobilidade precisaram executar uma s\u00e9rie de servi\u00e7os.<\/p>\n<p>Entre eles, a pavimenta\u00e7\u00e3o e sinaliza\u00e7\u00e3o, tanto vertical quanto horizontal. Al\u00e9m disso, os servi\u00e7os de cal\u00e7adas e acessibilidade foram submetidos a uma an\u00e1lise por parte do estado, uma vez que o local possui intenso tr\u00e1fego de pedestres.<\/p>\n<p>Segundo a Secretaria Municipal de Mobilidade (SMM), agentes de tr\u00e2nsito ir\u00e3o acompanhar a libera\u00e7\u00e3o do tr\u00e1fego local, de modo a garantir a seguran\u00e7a das pessoas que trafegam pela \u00e1rea, mesmo com as obras do BRT.<\/p>\n<p>Al\u00e9m das obras na Pra\u00e7a C\u00edvica, a Secretaria de Infraestrutura Urbana (Seinfra) d\u00e1 continuidade aos trabalhos de constru\u00e7\u00e3o de quatro esta\u00e7\u00f5es de embarque e desembarque. A conclus\u00e3o das obras deve ocorrer at\u00e9 o m\u00eas de dezembro deste ano.<\/p>\n","protected":false},"excerpt":{"rendered":"<p>O tr\u00e1fego de \u00f4nibus no anel interno da Pra\u00e7a C\u00edvica foi liberado pela Prefeitura de Goi\u00e2nia, neste domingo (11), mesmo com o andamento das obras do BRT Norte-Sul no local. No entanto, para que a libera\u00e7\u00e3o ocorresse, as secretarias municipais de Infraestrutura e Mobilidade precisaram executar uma s\u00e9rie de servi\u00e7os. Entre eles, a pavimenta\u00e7\u00e3o e &hellip;<\/p>\n","protected":false},"author":3,"featured_media":68311,"comment_status":"open","ping_status":"open","sticky":false,"template":"","format":"standard","meta":{"_exactmetrics_skip_tracking":false,"_exactmetrics_sitenote_active":false,"_exactmetrics_sitenote_note":"","_exactmetrics_sitenote_category":0,"footnotes":""},"categories":[7],"tags":[],"_links":{"self":[{"href":"https:\/\/goiasemtempo.com.br\/home\/wp-json\/wp\/v2\/posts\/68310"}],"collection":[{"href":"https:\/\/goiasemtempo.com.br\/home\/wp-json\/wp\/v2\/posts"}],"about":[{"href":"https:\/\/goiasemtempo.com.br\/home\/wp-json\/wp\/v2\/types\/post"}],"author":[{"embeddable":true,"href":"https:\/\/goiasemtempo.com.br\/home\/wp-json\/wp\/v2\/users\/3"}],"replies":[{"embeddable":true,"href":"https:\/\/goiasemtempo.com.br\/home\/wp-json\/wp\/v2\/comments?post=68310"}],"version-history":[{"count":1,"href":"https:\/\/goiasemtempo.com.br\/home\/wp-json\/wp\/v2\/posts\/68310\/revisions"}],"predecessor-version":[{"id":68312,"href":"https:\/\/goiasemtempo.com.br\/home\/wp-json\/wp\/v2\/posts\/68310\/revisions\/68312"}],"wp:featuredmedia":[{"embeddable":true,"href":"https:\/\/goiasemtempo.com.br\/home\/wp-json\/wp\/v2\/media\/68311"}],"wp:attachment":[{"href":"https:\/\/goiasemtempo.com.br\/home\/wp-json\/wp\/v2\/media?parent=68310"}],"wp:term":[{"taxonomy":"category","embeddable":true,"href":"https:\/\/goiasemtempo.com.br\/home\/wp-json\/wp\/v2\/categories?post=68310"},{"taxonomy":"post_tag","embeddable":true,"href":"https:\/\/goiasemtempo.com.br\/home\/wp-json\/wp\/v2\/tags?post=68310"}],"curies":[{"name":"wp","href":"https:\/\/api.w.org\/{rel}","templated":true}]}}