{"id":68244,"date":"2022-09-01T18:23:39","date_gmt":"2022-09-01T18:23:39","guid":{"rendered":"http:\/\/goiasemtempo.com.br\/home\/?p=68244"},"modified":"2022-09-01T18:23:39","modified_gmt":"2022-09-01T18:23:39","slug":"prefeitura-de-anapolis-inicia-comemoracoes-da-semana-da-patria","status":"publish","type":"post","link":"https:\/\/goiasemtempo.com.br\/home\/prefeitura-de-anapolis-inicia-comemoracoes-da-semana-da-patria\/","title":{"rendered":"Prefeitura de An\u00e1polis inicia comemora\u00e7\u00f5es da Semana da P\u00e1tria"},"content":{"rendered":"<p>A Prefeitura de An\u00e1polis iniciou nesta quinta-feira, 1\u00ba de setembro, a programa\u00e7\u00e3o comemorativa da Semana da P\u00e1tria. Um ato solene de hasteamento da bandeira no Centro Administrativo contou com a presen\u00e7a do prefeito da cidade, Roberto Naves, representantes da Pol\u00edcia Militar e m\u00fasicos da Base A\u00e9rea de An\u00e1polis, que tocaram o Hino Nacional Brasileiro e o Hino da Independ\u00eancia. Centenas de pessoas, entre estudantes das escolas municipais Lindolfo Pereira e Elzira Baldu\u00edno, alunos e profissionais do Senai An\u00e1polis, al\u00e9m de servidores do munic\u00edpio e demais convidados, participaram do evento que, neste ano, celebra o bicenten\u00e1rio da Independ\u00eancia de Portugal.<\/p>\n<p>\u201cEstamos come\u00e7ando agora as festividades da Semana da P\u00e1tria, momento t\u00e3o importante, j\u00e1 que neste ano o brasileiro vai escolher o presidente da Rep\u00fablica. Nosso Centro Administrativo est\u00e1 todo ornamentado em verde e amarelo. Ent\u00e3o esse \u00e9 o esp\u00edrito do brasileiro, do nacionalismo, e estou muito feliz em poder estar come\u00e7ando essas festividades\u201d, disse o prefeito, que convidou toda a popula\u00e7\u00e3o a visitar a Prefeitura de An\u00e1polis na parte da noite para contemplar a nova ilumina\u00e7\u00e3o instalada no local em comemora\u00e7\u00e3o \u00e0 data.<\/p>\n<p>Na programa\u00e7\u00e3o da Semana da P\u00e1tria ter\u00e1 a\u00e7\u00f5es em v\u00e1rias escolas, como hasteamento da bandeira, execu\u00e7\u00e3o do hino nacional e tamb\u00e9m desfiles c\u00edvicos nos bairros e distritos. \u201cTodos os dias n\u00f3s teremos o hasteamento da bandeira nas escolas, com a Secretaria Municipal de Educa\u00e7\u00e3o participando ativamente, despertando esse sentimento de patriotismo nos nossos alunos\u201d, comentou Roberto.<\/p>\n<p>Para a secret\u00e1ria municipal de Educa\u00e7\u00e3o, Eerizania de Freitas, as a\u00e7\u00f5es comemorativas criam nos estudantes o senso de pertencimento e amor \u00e0 p\u00e1tria. \u201cS\u00e3o momentos muito importantes na constru\u00e7\u00e3o de uma identidade enquanto brasileiros que precisam valorizar e respeitar a hist\u00f3ria do pa\u00eds. A Educa\u00e7\u00e3o tem papel fundamental nisso\u201d, concluiu.<\/p>\n<p>O encerramento das comemora\u00e7\u00f5es no desfile de 7 de Setembro, que acontecer\u00e1 na pr\u00f3xima quarta-feira, \u00e0s 8 horas, na Pra\u00e7a Bom Jesus.<\/p>\n","protected":false},"excerpt":{"rendered":"<p>A Prefeitura de An\u00e1polis iniciou nesta quinta-feira, 1\u00ba de setembro, a programa\u00e7\u00e3o comemorativa da Semana da P\u00e1tria. Um ato solene de hasteamento da bandeira no Centro Administrativo contou com a presen\u00e7a do prefeito da cidade, Roberto Naves, representantes da Pol\u00edcia Militar e m\u00fasicos da Base A\u00e9rea de An\u00e1polis, que tocaram o Hino Nacional Brasileiro e &hellip;<\/p>\n","protected":false},"author":3,"featured_media":68245,"comment_status":"open","ping_status":"open","sticky":false,"template":"","format":"standard","meta":{"_exactmetrics_skip_tracking":false,"_exactmetrics_sitenote_active":false,"_exactmetrics_sitenote_note":"","_exactmetrics_sitenote_category":0,"footnotes":""},"categories":[18,50,19],"tags":[],"_links":{"self":[{"href":"https:\/\/goiasemtempo.com.br\/home\/wp-json\/wp\/v2\/posts\/68244"}],"collection":[{"href":"https:\/\/goiasemtempo.com.br\/home\/wp-json\/wp\/v2\/posts"}],"about":[{"href":"https:\/\/goiasemtempo.com.br\/home\/wp-json\/wp\/v2\/types\/post"}],"author":[{"embeddable":true,"href":"https:\/\/goiasemtempo.com.br\/home\/wp-json\/wp\/v2\/users\/3"}],"replies":[{"embeddable":true,"href":"https:\/\/goiasemtempo.com.br\/home\/wp-json\/wp\/v2\/comments?post=68244"}],"version-history":[{"count":1,"href":"https:\/\/goiasemtempo.com.br\/home\/wp-json\/wp\/v2\/posts\/68244\/revisions"}],"predecessor-version":[{"id":68246,"href":"https:\/\/goiasemtempo.com.br\/home\/wp-json\/wp\/v2\/posts\/68244\/revisions\/68246"}],"wp:featuredmedia":[{"embeddable":true,"href":"https:\/\/goiasemtempo.com.br\/home\/wp-json\/wp\/v2\/media\/68245"}],"wp:attachment":[{"href":"https:\/\/goiasemtempo.com.br\/home\/wp-json\/wp\/v2\/media?parent=68244"}],"wp:term":[{"taxonomy":"category","embeddable":true,"href":"https:\/\/goiasemtempo.com.br\/home\/wp-json\/wp\/v2\/categories?post=68244"},{"taxonomy":"post_tag","embeddable":true,"href":"https:\/\/goiasemtempo.com.br\/home\/wp-json\/wp\/v2\/tags?post=68244"}],"curies":[{"name":"wp","href":"https:\/\/api.w.org\/{rel}","templated":true}]}}