{"id":6823,"date":"2017-12-27T17:47:57","date_gmt":"2017-12-27T17:47:57","guid":{"rendered":"http:\/\/goiasemtempo.com.br\/home\/?p=6823"},"modified":"2017-12-27T17:47:57","modified_gmt":"2017-12-27T17:47:57","slug":"no-rio-14-dos-alunos-de-escolas-privadas-tentam-migrar-para-a-rede-publica","status":"publish","type":"post","link":"https:\/\/goiasemtempo.com.br\/home\/no-rio-14-dos-alunos-de-escolas-privadas-tentam-migrar-para-a-rede-publica\/","title":{"rendered":"No Rio, 14% dos alunos de escolas privadas tentam migrar para a rede p\u00fablica"},"content":{"rendered":"<p>No Rio, das 227 mil inscri\u00e7\u00f5es recebidas pela Secret\u00e1ria Estadual de Educa\u00e7\u00e3o (Seeduc), aproximadamente 31 mil s\u00e3o de alunos da rede privada que tentam migrar para rede p\u00fablica \u2013 o equivalente a cerca de 14% do total de inscritos nas 1.250 escolas da rede estadual. .<\/p>\n<p>Os dados foram divulgados hoje (27) pelo N\u00facleo de Imprensa do Pal\u00e1cio Guanabara e indicam que, nesta 1\u00aa fase de matr\u00edcula, mais de 180 mil alunos se cadastraram pela internet e s\u00e3o das redes p\u00fablicas de ensino (municipal, estadual e federal).<\/p>\n<p>Mais de 13 mil inscri\u00e7\u00f5es s\u00e3o de candidatos que estavam afastados dos estudos e decidiram retornar \u00e0s salas de aula. No total, cerca de 460 mil estudantes renovaram suas matr\u00edculas para o ano letivo de 2018.<\/p>\n<p>A consulta aos nomes dos estudantes inscritos est\u00e1 dispon\u00edvel no site Matr\u00edcula F\u00e1cil e no portal. Os candidatos tamb\u00e9m podem conferir o resultado por meio do link na p\u00e1gina oficial da Secretaria de Educa\u00e7\u00e3o no Facebook.<\/p>\n<p>Ao comentar o processo de inscri\u00e7\u00f5es, o secret\u00e1rio de Educa\u00e7\u00e3o, Wagner Victer, ressaltou o fato de que a informatiza\u00e7\u00e3o do processo das inscri\u00e7\u00f5es tem facilitado a escolha da unidade de ensino por parte dos alunos.<\/p>\n<p>\u201cRegistramos um bom n\u00famero de inscri\u00e7\u00f5es e renova\u00e7\u00f5es de matr\u00edculas. O sistema informatizado, no qual o candidato faz seu cadastro pela internet e seleciona a escola que deseja estudar, \u00e9 acess\u00edvel e tem auxiliado muito o estudante no momento de escolher a unidade de sua prefer\u00eancia e no acompanhamento do andamento da matr\u00edcula\u201d, disse.<\/p>\n<p>O ano letivo de 2018 na rede estadual de ensino do Rio de Janeiro come\u00e7ar\u00e1 no dia 5 de fevereiro e a confirma\u00e7\u00e3o da matr\u00edcula dever\u00e1 ser feita entre os dias 3 a 8 de janeiro do pr\u00f3ximo ano.<\/p>\n<p>Para tal, o candidato precisa ir \u00e0 unidade de ensino na qual foi alocado para confirmar a matr\u00edcula. A segunda fase da pr\u00e9-matr\u00edcula ocorrer\u00e1 entre os dias 16 e 19 de janeiro, com a confirma\u00e7\u00e3o ficando para os dias 24 a 26.<\/p>\n","protected":false},"excerpt":{"rendered":"<p>No Rio, das 227 mil inscri\u00e7\u00f5es recebidas pela Secret\u00e1ria Estadual de Educa\u00e7\u00e3o (Seeduc), aproximadamente 31 mil s\u00e3o de alunos da rede privada que tentam migrar para rede p\u00fablica \u2013 o equivalente a cerca de 14% do total de inscritos nas 1.250 escolas da rede estadual. . Os dados foram divulgados hoje (27) pelo N\u00facleo de &hellip;<\/p>\n","protected":false},"author":2,"featured_media":0,"comment_status":"open","ping_status":"open","sticky":false,"template":"","format":"standard","meta":{"footnotes":""},"categories":[4],"tags":[],"class_list":["post-6823","post","type-post","status-publish","format-standard","hentry","category-ultimas-noticias"],"_links":{"self":[{"href":"https:\/\/goiasemtempo.com.br\/home\/wp-json\/wp\/v2\/posts\/6823","targetHints":{"allow":["GET"]}}],"collection":[{"href":"https:\/\/goiasemtempo.com.br\/home\/wp-json\/wp\/v2\/posts"}],"about":[{"href":"https:\/\/goiasemtempo.com.br\/home\/wp-json\/wp\/v2\/types\/post"}],"author":[{"embeddable":true,"href":"https:\/\/goiasemtempo.com.br\/home\/wp-json\/wp\/v2\/users\/2"}],"replies":[{"embeddable":true,"href":"https:\/\/goiasemtempo.com.br\/home\/wp-json\/wp\/v2\/comments?post=6823"}],"version-history":[{"count":1,"href":"https:\/\/goiasemtempo.com.br\/home\/wp-json\/wp\/v2\/posts\/6823\/revisions"}],"predecessor-version":[{"id":6824,"href":"https:\/\/goiasemtempo.com.br\/home\/wp-json\/wp\/v2\/posts\/6823\/revisions\/6824"}],"wp:attachment":[{"href":"https:\/\/goiasemtempo.com.br\/home\/wp-json\/wp\/v2\/media?parent=6823"}],"wp:term":[{"taxonomy":"category","embeddable":true,"href":"https:\/\/goiasemtempo.com.br\/home\/wp-json\/wp\/v2\/categories?post=6823"},{"taxonomy":"post_tag","embeddable":true,"href":"https:\/\/goiasemtempo.com.br\/home\/wp-json\/wp\/v2\/tags?post=6823"}],"curies":[{"name":"wp","href":"https:\/\/api.w.org\/{rel}","templated":true}]}}