{"id":68206,"date":"2022-08-24T15:05:08","date_gmt":"2022-08-24T15:05:08","guid":{"rendered":"http:\/\/goiasemtempo.com.br\/home\/?p=68206"},"modified":"2022-08-24T15:05:08","modified_gmt":"2022-08-24T15:05:08","slug":"participacao-de-candidaturas-jovens-cai-pela-primeira-vez-desde-1994","status":"publish","type":"post","link":"https:\/\/goiasemtempo.com.br\/home\/participacao-de-candidaturas-jovens-cai-pela-primeira-vez-desde-1994\/","title":{"rendered":"Participa\u00e7\u00e3o de candidaturas jovens cai pela primeira vez desde 1994"},"content":{"rendered":"<p>JULIANA BRAGA \u2013 BRAS\u00cdLIA, DF (FOLHAPRESS) \u2013 A participa\u00e7\u00e3o de candidatos com at\u00e9 29 anos caiu em rela\u00e7\u00e3o ao total pela primeira vez desde a redemocratiza\u00e7\u00e3o. S\u00e3o 1.286 postulantes a um cargo eletivo nas elei\u00e7\u00f5es deste ano, o que representa 4,49% do total.<\/p>\n<p>Desde 1994, a participa\u00e7\u00e3o de candidatos jovens vinha crescendo. Naquele ano, eram 252 dos 6.647, ou seja 3,79% do total. Na elei\u00e7\u00e3o seguinte, em 1998, representavam 4,50% dos 15.092 postulantes e, em 2002, 4,65% dos 18.109.<\/p>\n<p>O percentual de 2022, portanto, \u00e9 a terceira menor da hist\u00f3ria, de acordo com os dados do TSE (Tribunal Superior Eleitoral). No auge, em 2014, foram 1.671 candidatos at\u00e9 29 anos, ou 6,37% do total.<\/p>\n<p>A queda tamb\u00e9m \u00e9 em n\u00fameros absolutos, considerando as \u00faltimas duas elei\u00e7\u00f5es gerais. Em 2018 eram 1.612 e em 2014, 1.671.<\/p>\n<p>Neste ano, a candidata mais nova \u00e9 Pamela Mendes (PMN-PE), de 18 anos, que disputa uma vaga \u00e0 Assembleia Legislativa de Pernambuco. H\u00e1 ainda tr\u00eas de 20 anos: Gleyciane (Cidadania-AC), Chiara Biondini (PP-MG) e Nicolly Salustiano (Republicanos-RR), todas concorrendo como deputadas estaduais.<\/p>\n<p>A redu\u00e7\u00e3o contrasta com o movimento in\u00e9dito do eleitorado jovem para a regulariza\u00e7\u00e3o do t\u00edtulo de eleitor. Entre janeiro e abril, um total de 2.042.817 jovens de 16 a 18 anos emitiram t\u00edtulo para estarem aptos a participar do pleito de outubro. O n\u00famero representa cerca de 20% de jovens nessa faixa et\u00e1ria no pa\u00eds.<\/p>\n<p>De acordo com o TSE (Tribunal Superior Eleitoral), trata-se de uma inscri\u00e7\u00e3o recorde para esse p\u00fablico, na compara\u00e7\u00e3o com o mesmo per\u00edodo dos dois \u00faltimos anos em que houve elei\u00e7\u00e3o presidencial no pa\u00eds, o que indica uma corrida de \u00faltima hora para o registro.<\/p>\n","protected":false},"excerpt":{"rendered":"<p>JULIANA BRAGA \u2013 BRAS\u00cdLIA, DF (FOLHAPRESS) \u2013 A participa\u00e7\u00e3o de candidatos com at\u00e9 29 anos caiu em rela\u00e7\u00e3o ao total pela primeira vez desde a redemocratiza\u00e7\u00e3o. S\u00e3o 1.286 postulantes a um cargo eletivo nas elei\u00e7\u00f5es deste ano, o que representa 4,49% do total. Desde 1994, a participa\u00e7\u00e3o de candidatos jovens vinha crescendo. Naquele ano, eram &hellip;<\/p>\n","protected":false},"author":3,"featured_media":68207,"comment_status":"open","ping_status":"open","sticky":false,"template":"","format":"standard","meta":{"_exactmetrics_skip_tracking":false,"_exactmetrics_sitenote_active":false,"_exactmetrics_sitenote_note":"","_exactmetrics_sitenote_category":0,"footnotes":""},"categories":[4],"tags":[],"_links":{"self":[{"href":"https:\/\/goiasemtempo.com.br\/home\/wp-json\/wp\/v2\/posts\/68206"}],"collection":[{"href":"https:\/\/goiasemtempo.com.br\/home\/wp-json\/wp\/v2\/posts"}],"about":[{"href":"https:\/\/goiasemtempo.com.br\/home\/wp-json\/wp\/v2\/types\/post"}],"author":[{"embeddable":true,"href":"https:\/\/goiasemtempo.com.br\/home\/wp-json\/wp\/v2\/users\/3"}],"replies":[{"embeddable":true,"href":"https:\/\/goiasemtempo.com.br\/home\/wp-json\/wp\/v2\/comments?post=68206"}],"version-history":[{"count":1,"href":"https:\/\/goiasemtempo.com.br\/home\/wp-json\/wp\/v2\/posts\/68206\/revisions"}],"predecessor-version":[{"id":68208,"href":"https:\/\/goiasemtempo.com.br\/home\/wp-json\/wp\/v2\/posts\/68206\/revisions\/68208"}],"wp:featuredmedia":[{"embeddable":true,"href":"https:\/\/goiasemtempo.com.br\/home\/wp-json\/wp\/v2\/media\/68207"}],"wp:attachment":[{"href":"https:\/\/goiasemtempo.com.br\/home\/wp-json\/wp\/v2\/media?parent=68206"}],"wp:term":[{"taxonomy":"category","embeddable":true,"href":"https:\/\/goiasemtempo.com.br\/home\/wp-json\/wp\/v2\/categories?post=68206"},{"taxonomy":"post_tag","embeddable":true,"href":"https:\/\/goiasemtempo.com.br\/home\/wp-json\/wp\/v2\/tags?post=68206"}],"curies":[{"name":"wp","href":"https:\/\/api.w.org\/{rel}","templated":true}]}}