{"id":68200,"date":"2022-08-24T14:24:59","date_gmt":"2022-08-24T14:24:59","guid":{"rendered":"http:\/\/goiasemtempo.com.br\/home\/?p=68200"},"modified":"2022-08-24T14:24:59","modified_gmt":"2022-08-24T14:24:59","slug":"instituicoes-financeiras-em-anapolis-participam-ate-sexta-feira-26-da-feira-de-renegociacao-de-dividas","status":"publish","type":"post","link":"https:\/\/goiasemtempo.com.br\/home\/instituicoes-financeiras-em-anapolis-participam-ate-sexta-feira-26-da-feira-de-renegociacao-de-dividas\/","title":{"rendered":"Institui\u00e7\u00f5es financeiras em An\u00e1polis participam at\u00e9 sexta-feira, 26, da Feira de Renegocia\u00e7\u00e3o de D\u00edvidas"},"content":{"rendered":"<p>Os consumidores inadimplentes com alguma institui\u00e7\u00e3o financeira ter\u00e3o a oportunidade de negociar seus d\u00e9bitos durante a 3\u00aa Feira de Renegocia\u00e7\u00e3o de D\u00edvidas do Procon at\u00e9 a sexta-feira, 26. Os interessados poder\u00e3o conversar com representantes dos bancos Bradesco, Banco do Brasil, Santander, Sicoob e Sicredi, que estar\u00e3o no pr\u00f3prio \u00f3rg\u00e3o, al\u00e9m da Caixa Econ\u00f4mica Federal, que est\u00e1 com sua carreta estacionada na Pra\u00e7a Americano do Brasil.<\/p>\n<p>\u201cFiquei sabendo da a\u00e7\u00e3o e vim aqui tirar algumas d\u00favidas. O atendimento foi muito bom e eu indico para quem tiver alguma quest\u00e3o igual a minha. Este \u00e9 um \u00f3timo trabalho que a Prefeitura de An\u00e1polis est\u00e1 fazendo para a popula\u00e7\u00e3o\u201d, ressaltou o motorista Edenir Ribeiro.<\/p>\n<p>Nesta edi\u00e7\u00e3o, que ocorre de segunda a sexta-feira, das 9h \u00e0s 17h, durante o m\u00eas de agosto, est\u00e3o participando 22 empresas. \u201cO objetivo do Feir\u00e3o de Renegocia\u00e7\u00e3o de D\u00edvidas \u00e9 resgatar o cr\u00e9dito do consumidor. Muitas empresas aderiram\u201d, apontou Dulcelene Santos Morais, do setor de Orienta\u00e7\u00e3o e Pesquisa do Procon.<\/p>\n<p>Al\u00e9m das negocia\u00e7\u00f5es feitas at\u00e9 agora, os acordos com a UniEvang\u00e9lica, Fama, Anhanguera, Riachuelo, SuperVi, Havan, Carrefour, Atacad\u00e3o, Agibank, Unimed, Explorernet, Claro, Tim e Vivo poder\u00e3o ser firmados at\u00e9 o dia 26, no encerramento da feira.<\/p>\n","protected":false},"excerpt":{"rendered":"<p>Os consumidores inadimplentes com alguma institui\u00e7\u00e3o financeira ter\u00e3o a oportunidade de negociar seus d\u00e9bitos durante a 3\u00aa Feira de Renegocia\u00e7\u00e3o de D\u00edvidas do Procon at\u00e9 a sexta-feira, 26. Os interessados poder\u00e3o conversar com representantes dos bancos Bradesco, Banco do Brasil, Santander, Sicoob e Sicredi, que estar\u00e3o no pr\u00f3prio \u00f3rg\u00e3o, al\u00e9m da Caixa Econ\u00f4mica Federal, que &hellip;<\/p>\n","protected":false},"author":3,"featured_media":68201,"comment_status":"open","ping_status":"open","sticky":false,"template":"","format":"standard","meta":{"_exactmetrics_skip_tracking":false,"_exactmetrics_sitenote_active":false,"_exactmetrics_sitenote_note":"","_exactmetrics_sitenote_category":0,"footnotes":""},"categories":[18,17,19],"tags":[],"_links":{"self":[{"href":"https:\/\/goiasemtempo.com.br\/home\/wp-json\/wp\/v2\/posts\/68200"}],"collection":[{"href":"https:\/\/goiasemtempo.com.br\/home\/wp-json\/wp\/v2\/posts"}],"about":[{"href":"https:\/\/goiasemtempo.com.br\/home\/wp-json\/wp\/v2\/types\/post"}],"author":[{"embeddable":true,"href":"https:\/\/goiasemtempo.com.br\/home\/wp-json\/wp\/v2\/users\/3"}],"replies":[{"embeddable":true,"href":"https:\/\/goiasemtempo.com.br\/home\/wp-json\/wp\/v2\/comments?post=68200"}],"version-history":[{"count":1,"href":"https:\/\/goiasemtempo.com.br\/home\/wp-json\/wp\/v2\/posts\/68200\/revisions"}],"predecessor-version":[{"id":68202,"href":"https:\/\/goiasemtempo.com.br\/home\/wp-json\/wp\/v2\/posts\/68200\/revisions\/68202"}],"wp:featuredmedia":[{"embeddable":true,"href":"https:\/\/goiasemtempo.com.br\/home\/wp-json\/wp\/v2\/media\/68201"}],"wp:attachment":[{"href":"https:\/\/goiasemtempo.com.br\/home\/wp-json\/wp\/v2\/media?parent=68200"}],"wp:term":[{"taxonomy":"category","embeddable":true,"href":"https:\/\/goiasemtempo.com.br\/home\/wp-json\/wp\/v2\/categories?post=68200"},{"taxonomy":"post_tag","embeddable":true,"href":"https:\/\/goiasemtempo.com.br\/home\/wp-json\/wp\/v2\/tags?post=68200"}],"curies":[{"name":"wp","href":"https:\/\/api.w.org\/{rel}","templated":true}]}}