{"id":6811,"date":"2017-12-27T17:45:31","date_gmt":"2017-12-27T17:45:31","guid":{"rendered":"http:\/\/goiasemtempo.com.br\/home\/?p=6811"},"modified":"2017-12-27T17:45:31","modified_gmt":"2017-12-27T17:45:31","slug":"receita-federal-vai-monitorar-43-mil-pessoas-e-empresas-em-2018","status":"publish","type":"post","link":"https:\/\/goiasemtempo.com.br\/home\/receita-federal-vai-monitorar-43-mil-pessoas-e-empresas-em-2018\/","title":{"rendered":"Receita Federal vai monitorar 43 mil pessoas e empresas em 2018"},"content":{"rendered":"<p>Em 2018, aproximadamente 43 mil contribuintes, entre pessoas f\u00edsicas e jur\u00eddicas, ser\u00e3o monitorados de forma especial pela Receita Federal. Duas portarias publicadas na semana passada estabeleceram os crit\u00e9rios para os acompanhamentos Diferenciado e Especial, que ocorrem todos os anos nas empresas e pessoas f\u00edsicas que, juntas, correspondem a 60% da arrecada\u00e7\u00e3o federal.<\/p>\n<p>Pelas regras, ser\u00e3o submetidos \u00e0 fiscaliza\u00e7\u00e3o diferenciada 8.969 empresas e 30,7 mil pessoas f\u00edsicas. Mais 1.023 pessoas jur\u00eddicas e 2.377 pessoas f\u00edsicas ser\u00e3o submetidas ao chamado acompanhamento especial.<\/p>\n<p>Pessoas jur\u00eddicas<\/p>\n<p>De acordo com a Receita Federal, ser\u00e3o enquadradas como Pessoas Jur\u00eddicas Diferenciadas em 2018 as empresas que tiveram, em 2016, receita bruta acima de R$ 200 milh\u00f5es, massa salarial acima de R$ 65 milh\u00f5es, d\u00e9bito declarado no Programa Gerador da Declara\u00e7\u00e3o (DCTF) acima de R$ 25 milh\u00f5es ou d\u00e9bito declarado em Guia de Recolhimento do Fundo de Garantia por Tempo de Servi\u00e7o e Informa\u00e7\u00f5es \u00e0 Previd\u00eancia Social (GFIP) acima de R$ 25 milh\u00f5es.<\/p>\n<p>J\u00e1 o acompanhamento especial em rela\u00e7\u00e3o \u00e0s pessoas jur\u00eddicas ocorrer\u00e1 nas empresas que tiveram, em 2016, receita bruta acima de R$ 1,8 bilh\u00e3o, massa salarial acima de R$ 200 milh\u00f5es, d\u00e9bito declarado em DCTF acima de R$ 200 milh\u00f5es ou d\u00e9bito declarado em GFIP acima de R$ 200 milh\u00f5es.<\/p>\n<p>Pessoas f\u00edsicas<\/p>\n<p>Em rela\u00e7\u00e3o \u00e0s pessoas f\u00edsicas, o monitoramento diferenciado vai atingir os contribuintes que declararam, em 2016, rendimentos acima de R$ 10 milh\u00f5es, bens e direitos acima de R$ 20 milh\u00f5es ou realizaram opera\u00e7\u00f5es em renda vari\u00e1vel acima de R$ 15 milh\u00f5es.<\/p>\n<p>Ser\u00e3o enquadrados como contribuintes sob acompanhamento especial aqueles que, em 2016, declararam rendimentos acima de R$ 200 milh\u00f5es, bens e direitos acima de R$ 500 milh\u00f5es ou tiveram opera\u00e7\u00f5es em renda vari\u00e1vel acima de R$ 100 milh\u00f5es.<\/p>\n<p>\u201cNesse monitoramento, a Receita Federal se utiliza de todas as informa\u00e7\u00f5es dispon\u00edveis, internas e externas, e poder\u00e1 ainda contatar tais contribuintes para obten\u00e7\u00e3o de esclarecimentos adicionais\u201d, informou o Fisco, em nota.<\/p>\n<p>Edi\u00e7\u00e3o: Luana Louren\u00e7o<\/p>\n","protected":false},"excerpt":{"rendered":"<p>Em 2018, aproximadamente 43 mil contribuintes, entre pessoas f\u00edsicas e jur\u00eddicas, ser\u00e3o monitorados de forma especial pela Receita Federal. Duas portarias publicadas na semana passada estabeleceram os crit\u00e9rios para os acompanhamentos Diferenciado e Especial, que ocorrem todos os anos nas empresas e pessoas f\u00edsicas que, juntas, correspondem a 60% da arrecada\u00e7\u00e3o federal. Pelas regras, ser\u00e3o &hellip;<\/p>\n","protected":false},"author":2,"featured_media":0,"comment_status":"open","ping_status":"open","sticky":false,"template":"","format":"standard","meta":{"footnotes":""},"categories":[4],"tags":[],"class_list":["post-6811","post","type-post","status-publish","format-standard","hentry","category-ultimas-noticias"],"_links":{"self":[{"href":"https:\/\/goiasemtempo.com.br\/home\/wp-json\/wp\/v2\/posts\/6811","targetHints":{"allow":["GET"]}}],"collection":[{"href":"https:\/\/goiasemtempo.com.br\/home\/wp-json\/wp\/v2\/posts"}],"about":[{"href":"https:\/\/goiasemtempo.com.br\/home\/wp-json\/wp\/v2\/types\/post"}],"author":[{"embeddable":true,"href":"https:\/\/goiasemtempo.com.br\/home\/wp-json\/wp\/v2\/users\/2"}],"replies":[{"embeddable":true,"href":"https:\/\/goiasemtempo.com.br\/home\/wp-json\/wp\/v2\/comments?post=6811"}],"version-history":[{"count":1,"href":"https:\/\/goiasemtempo.com.br\/home\/wp-json\/wp\/v2\/posts\/6811\/revisions"}],"predecessor-version":[{"id":6812,"href":"https:\/\/goiasemtempo.com.br\/home\/wp-json\/wp\/v2\/posts\/6811\/revisions\/6812"}],"wp:attachment":[{"href":"https:\/\/goiasemtempo.com.br\/home\/wp-json\/wp\/v2\/media?parent=6811"}],"wp:term":[{"taxonomy":"category","embeddable":true,"href":"https:\/\/goiasemtempo.com.br\/home\/wp-json\/wp\/v2\/categories?post=6811"},{"taxonomy":"post_tag","embeddable":true,"href":"https:\/\/goiasemtempo.com.br\/home\/wp-json\/wp\/v2\/tags?post=6811"}],"curies":[{"name":"wp","href":"https:\/\/api.w.org\/{rel}","templated":true}]}}