{"id":68058,"date":"2022-08-11T14:15:08","date_gmt":"2022-08-11T14:15:08","guid":{"rendered":"http:\/\/goiasemtempo.com.br\/home\/?p=68058"},"modified":"2022-08-11T14:15:08","modified_gmt":"2022-08-11T14:15:08","slug":"alimentos-arrecadados-na-41a-minimaratona-sao-distribuidos-para-familias-do-jardim-promissao","status":"publish","type":"post","link":"https:\/\/goiasemtempo.com.br\/home\/alimentos-arrecadados-na-41a-minimaratona-sao-distribuidos-para-familias-do-jardim-promissao\/","title":{"rendered":"Alimentos arrecadados na 41\u00aa Minimaratona s\u00e3o distribu\u00eddos para fam\u00edlias do Jardim Promiss\u00e3o"},"content":{"rendered":"<p>Centenas de fam\u00edlias do Jardim Promiss\u00e3o foram beneficiadas, nesta quarta-feira, 10, com alimentos doados por atletas que participaram da 41\u00aa Minimaratona 31 de julho, por meio do programa Volunt\u00e1rios de Cora\u00e7\u00e3o. Al\u00e9m das cestas b\u00e1sicas, foram distribu\u00eddos brinquedos, mudas de plantas, doces, frutas e verduras arrecadadas pelo Banco de Alimentos no Mercado do Produtor.<\/p>\n<p>\u201cEstou aqui hoje representando todos os atletas que participaram da minimaratona. A gente costuma dizer que o esporte \u00e9 uma ferramenta de transforma\u00e7\u00e3o e essa a\u00e7\u00e3o \u00e9 mais uma prova disso\u201d, comentou a atleta Janete Gomes, que ficou emocionada ao presenciar tantas fam\u00edlias sendo beneficiadas.<\/p>\n<p>Al\u00e9m das doa\u00e7\u00f5es de cestas, que acontecem semanalmente, s\u00e3o disponibilizados os servi\u00e7os da assist\u00eancia social e do Sine. Neste m\u00eas, em especial, as a\u00e7\u00f5es ser\u00e3o mais frequentes e v\u00e3o alcan\u00e7ar ainda mais fam\u00edlias. Isso porque no dia 28 de agosto \u00e9 comemorado o Dia Nacional do Voluntariado, e como forma de celebrar a data, uma programa\u00e7\u00e3o especial est\u00e1 sendo desenvolvida.<\/p>\n<p>\u201cO programa Volunt\u00e1rios de Cora\u00e7\u00e3o existe desde 2018 e foi pioneiro em An\u00e1polis, levando reconhecimento e incentivo ao servi\u00e7o volunt\u00e1rio na cidade. Funciona como uma ponte entre quem quer ajudar e quem precisa de ajuda, al\u00e9m de promover a cidadania e minimizar as desigualdades sociais\u201d, explicou a coordenadora do programa, Renata Prado.<\/p>\n<p>No m\u00eas do voluntariado, est\u00e3o programadas a\u00e7\u00f5es em CMEIs, escolas municipais e institui\u00e7\u00f5es de acolhimento, al\u00e9m da Comenda Volunt\u00e1rios de Cora\u00e7\u00e3o, que vai homenagear as pessoas que mais contribuem para o fortalecimento do servi\u00e7o volunt\u00e1rio em An\u00e1polis. Para quem deseja ser um volunt\u00e1rio ou quer saber mais sobre o projeto, basta acessar voluntariosdecoracao.anapolis.go.gov.br e realizar o cadastro na plataforma.<\/p>\n","protected":false},"excerpt":{"rendered":"<p>Centenas de fam\u00edlias do Jardim Promiss\u00e3o foram beneficiadas, nesta quarta-feira, 10, com alimentos doados por atletas que participaram da 41\u00aa Minimaratona 31 de julho, por meio do programa Volunt\u00e1rios de Cora\u00e7\u00e3o. Al\u00e9m das cestas b\u00e1sicas, foram distribu\u00eddos brinquedos, mudas de plantas, doces, frutas e verduras arrecadadas pelo Banco de Alimentos no Mercado do Produtor. \u201cEstou &hellip;<\/p>\n","protected":false},"author":3,"featured_media":68059,"comment_status":"open","ping_status":"open","sticky":false,"template":"","format":"standard","meta":{"_exactmetrics_skip_tracking":false,"_exactmetrics_sitenote_active":false,"_exactmetrics_sitenote_note":"","_exactmetrics_sitenote_category":0,"footnotes":""},"categories":[18,65],"tags":[],"_links":{"self":[{"href":"https:\/\/goiasemtempo.com.br\/home\/wp-json\/wp\/v2\/posts\/68058"}],"collection":[{"href":"https:\/\/goiasemtempo.com.br\/home\/wp-json\/wp\/v2\/posts"}],"about":[{"href":"https:\/\/goiasemtempo.com.br\/home\/wp-json\/wp\/v2\/types\/post"}],"author":[{"embeddable":true,"href":"https:\/\/goiasemtempo.com.br\/home\/wp-json\/wp\/v2\/users\/3"}],"replies":[{"embeddable":true,"href":"https:\/\/goiasemtempo.com.br\/home\/wp-json\/wp\/v2\/comments?post=68058"}],"version-history":[{"count":1,"href":"https:\/\/goiasemtempo.com.br\/home\/wp-json\/wp\/v2\/posts\/68058\/revisions"}],"predecessor-version":[{"id":68060,"href":"https:\/\/goiasemtempo.com.br\/home\/wp-json\/wp\/v2\/posts\/68058\/revisions\/68060"}],"wp:featuredmedia":[{"embeddable":true,"href":"https:\/\/goiasemtempo.com.br\/home\/wp-json\/wp\/v2\/media\/68059"}],"wp:attachment":[{"href":"https:\/\/goiasemtempo.com.br\/home\/wp-json\/wp\/v2\/media?parent=68058"}],"wp:term":[{"taxonomy":"category","embeddable":true,"href":"https:\/\/goiasemtempo.com.br\/home\/wp-json\/wp\/v2\/categories?post=68058"},{"taxonomy":"post_tag","embeddable":true,"href":"https:\/\/goiasemtempo.com.br\/home\/wp-json\/wp\/v2\/tags?post=68058"}],"curies":[{"name":"wp","href":"https:\/\/api.w.org\/{rel}","templated":true}]}}