{"id":67969,"date":"2022-08-01T19:44:50","date_gmt":"2022-08-01T19:44:50","guid":{"rendered":"http:\/\/goiasemtempo.com.br\/home\/?p=67969"},"modified":"2022-08-01T19:44:50","modified_gmt":"2022-08-01T19:44:50","slug":"psb-vai-disputar-a-eleicao-com-chapa-completa-em-goias","status":"publish","type":"post","link":"https:\/\/goiasemtempo.com.br\/home\/psb-vai-disputar-a-eleicao-com-chapa-completa-em-goias\/","title":{"rendered":"PSB vai disputar a elei\u00e7\u00e3o com chapa completa em Goi\u00e1s"},"content":{"rendered":"<p>O PSB decidiu os rumos que o partido tomar\u00e1 nas Elei\u00e7\u00f5es 2022 em Goi\u00e1s. Ser\u00e3o 42 candidatos a deputado estadual e 18 a deputado federal. Apesar disso, o partido ainda n\u00e3o definiu a situa\u00e7\u00e3o em rela\u00e7\u00e3o \u00e0 chapa majorit\u00e1ria. A defini\u00e7\u00e3o ficar\u00e1 a cargo da executiva estadual e ser\u00e1 divulgada at\u00e9 o prazo final legal, dia 5 de agosto.<\/p>\n<p>O deputado federal Elias Vaz, um dos l\u00edderes da sigla em Goi\u00e1s disputa a reelei\u00e7\u00e3o. Al\u00e9m dele, outro puxador de votos deve ser o atual deputado estadual Allysson Lima, que pretende trocar a Assembleia Legislativa do estado pela C\u00e2mara Federal.<\/p>\n<h3 id=\"h-outros-nomes-para-federal\"><strong>Outros nomes para federal<\/strong><\/h3>\n<p>Entre os candidatos a deputado federal, tamb\u00e9m est\u00e3o Fabri\u00e7\u00e3o, que ficou em segundo lugar na disputa pela prefeitura de Posse no ano passado; Ellen de Lima, que ficou em segundo lugar na elei\u00e7\u00e3o para prefeito em Piracanjuba; o advogado Fernando Tib\u00farcio; a ex vice-prefeita de Mineiros, Dra. Ivane; e o ex-deputado estadual por An\u00e1polis, Carlos Ant\u00f4nio.<\/p>\n<h3><strong>Candidatos a deputado estadual<\/strong><\/h3>\n<p>A chapa tamb\u00e9m disputa vagas para deputado estadual. Dois deputados tentam a reelei\u00e7\u00e3o: Karlos Cabral e S\u00e9rgio Bravo. Tamb\u00e9m se destacam o vereador em Aparecida de Goi\u00e2nia, Willian Panda, o vereador em Goi\u00e2nia, Pedro Azul\u00e3o Jr e o ex-vereador na capital, Felizberto Tavares.<\/p>\n<p>Al\u00e9m disso, o professor Jer\u00f4nimo Rodrigues, ex-reitor do Instituto Federal de Goi\u00e1s, e a secret\u00e1ria estadual de Mulheres do PSB, Lucilene Kalunga, que atua junto \u00e0 comunidades quilombolas, tamb\u00e9m s\u00e3o nomes cotados para disputar um cargo de deputado estadual.<\/p>\n<p>Com Ag\u00eancia de Not\u00edcias\/<\/p>\n<hr class=\"wp-block-separator has-alpha-channel-opacity\" \/>\n<p>&nbsp;<\/p>\n","protected":false},"excerpt":{"rendered":"<p>O PSB decidiu os rumos que o partido tomar\u00e1 nas Elei\u00e7\u00f5es 2022 em Goi\u00e1s. Ser\u00e3o 42 candidatos a deputado estadual e 18 a deputado federal. Apesar disso, o partido ainda n\u00e3o definiu a situa\u00e7\u00e3o em rela\u00e7\u00e3o \u00e0 chapa majorit\u00e1ria. A defini\u00e7\u00e3o ficar\u00e1 a cargo da executiva estadual e ser\u00e1 divulgada at\u00e9 o prazo final legal, &hellip;<\/p>\n","protected":false},"author":3,"featured_media":67970,"comment_status":"open","ping_status":"open","sticky":false,"template":"","format":"standard","meta":{"_exactmetrics_skip_tracking":false,"_exactmetrics_sitenote_active":false,"_exactmetrics_sitenote_note":"","_exactmetrics_sitenote_category":0,"footnotes":""},"categories":[15,2],"tags":[],"_links":{"self":[{"href":"https:\/\/goiasemtempo.com.br\/home\/wp-json\/wp\/v2\/posts\/67969"}],"collection":[{"href":"https:\/\/goiasemtempo.com.br\/home\/wp-json\/wp\/v2\/posts"}],"about":[{"href":"https:\/\/goiasemtempo.com.br\/home\/wp-json\/wp\/v2\/types\/post"}],"author":[{"embeddable":true,"href":"https:\/\/goiasemtempo.com.br\/home\/wp-json\/wp\/v2\/users\/3"}],"replies":[{"embeddable":true,"href":"https:\/\/goiasemtempo.com.br\/home\/wp-json\/wp\/v2\/comments?post=67969"}],"version-history":[{"count":1,"href":"https:\/\/goiasemtempo.com.br\/home\/wp-json\/wp\/v2\/posts\/67969\/revisions"}],"predecessor-version":[{"id":67971,"href":"https:\/\/goiasemtempo.com.br\/home\/wp-json\/wp\/v2\/posts\/67969\/revisions\/67971"}],"wp:featuredmedia":[{"embeddable":true,"href":"https:\/\/goiasemtempo.com.br\/home\/wp-json\/wp\/v2\/media\/67970"}],"wp:attachment":[{"href":"https:\/\/goiasemtempo.com.br\/home\/wp-json\/wp\/v2\/media?parent=67969"}],"wp:term":[{"taxonomy":"category","embeddable":true,"href":"https:\/\/goiasemtempo.com.br\/home\/wp-json\/wp\/v2\/categories?post=67969"},{"taxonomy":"post_tag","embeddable":true,"href":"https:\/\/goiasemtempo.com.br\/home\/wp-json\/wp\/v2\/tags?post=67969"}],"curies":[{"name":"wp","href":"https:\/\/api.w.org\/{rel}","templated":true}]}}