{"id":67730,"date":"2022-07-07T13:35:18","date_gmt":"2022-07-07T13:35:18","guid":{"rendered":"http:\/\/goiasemtempo.com.br\/home\/?p=67730"},"modified":"2022-07-07T13:35:18","modified_gmt":"2022-07-07T13:35:18","slug":"pre-candidatos-na-base-cobram-saida-de-delegado-waldir-e-unidade-e-improvavel","status":"publish","type":"post","link":"https:\/\/goiasemtempo.com.br\/home\/pre-candidatos-na-base-cobram-saida-de-delegado-waldir-e-unidade-e-improvavel\/","title":{"rendered":"Pr\u00e9-candidatos na base cobram sa\u00edda de Delegado Waldir e unidade \u00e9 \u2018improv\u00e1vel\u2019"},"content":{"rendered":"<p>A uni\u00e3o de for\u00e7as em torno de candidatura \u00fanica ao Senado na base governista em Goi\u00e1s passou a ser considerada \u201cimprov\u00e1vel\u201d, por articuladores caiadistas ouvidos pela Coluna. Avalia\u00e7\u00e3o \u00e9 de que os entraves apresentados por cada partido s\u00e3o dif\u00edceis de serem superados, principalmente diante da pausa nas articula\u00e7\u00f5es por conta da aus\u00eancia de Ronaldo Caiado. O governador segue nesta semana com tempo dedicado \u00e0 fam\u00edlia, depois da perda do filho, Ronaldo Ramos Caiado Filho.<\/p>\n<div id=\"sagre-440292022\" class=\"sagre-materia-primeiro-paragrafo\">\n<div id=\"d_arroba-2\">A principal dificuldade na base aliada \u00e9 o fato de que todos os pr\u00e9-candidatos buscam, junto ao Pal\u00e1cio das Esmeraldas, a sa\u00edda do deputado federal Delegado Waldir, que lidera as pesquisas. Ao mesmo tempo, os mesmos concorrentes n\u00e3o mostram crescimento nas inten\u00e7\u00f5es de voto, o que dificulta qualquer a\u00e7\u00e3o do comando regional do Uni\u00e3o Brasil contra Waldir. O presidente da Alego, Lissauer Vieira (PSD), chegou a fazer cobran\u00e7a mais direta ao governo em discurso no \u00faltimo fim de semana, mas ficou sem resposta.<\/div>\n<div><\/div>\n<\/div>\n<p>Ronaldo Caiado chegou a ter conversa nesta semana com o pr\u00e9-candidato a vice, Daniel Vilela (MDB), e manifestou interesse sobre a disputa interna na base, mas n\u00e3o esbo\u00e7ou qualquer inten\u00e7\u00e3o de participar das articula\u00e7\u00f5es. Daniel tem mantido atua\u00e7\u00e3o discreta em busca de apaziguar os \u00e2nimos entre os aliados, mas enxerga cada vez mais pr\u00f3xima a possibilidade de sa\u00edda de Lissauer ou de Luiz do Carmo. Os dois mant\u00eam articula\u00e7\u00e3o sobre poss\u00edvel forma\u00e7\u00e3o de chapa bolsonarista em torno da pr\u00e9-candidatura do deputado Major Vitor Hugo (PL) ao governo.<\/p>\n<h2><strong>Improv\u00e1vel<\/strong><\/h2>\n<p>\u201cTodos enxergam o delegado Waldir como maior concorrente, mas a elei\u00e7\u00e3o para o Senado s\u00f3 costuma se definir nas \u00faltimas semanas de campanha. At\u00e9 l\u00e1, \u00e9 cada vez mais improv\u00e1vel que o governo consiga essa unidade\u201d, avalia um caidista em conversa com a Coluna.<\/p>\n<h2><strong>Nacional<\/strong><\/h2>\n<p>Entendimento na base \u00e9 de que o delegado Waldir conseguiu garantias junto \u00e0 dire\u00e7\u00e3o nacional do Uni\u00e3o Brasil de que seria candidato, desde que as candidaturas isoladas fossem autorizadas e que ele se mantenha vi\u00e1vel nas pesquisas.<\/p>\n<p>Com Ag\u00eancia de Not\u00edcias\/Rubens Salom\u00e3o\/Sagres\/Acr\u00e9scimo de informa\u00e7\u00f5es-Goi\u00e1s Em Tempo-<\/p>\n<div id=\"sagre-1447844429\" class=\"sagre-materia-4-paragrafos\">\n<div id=\"m_arroba-4\"><\/div>\n<div id=\"d_arroba-4\"><\/div>\n<\/div>\n","protected":false},"excerpt":{"rendered":"<p>A uni\u00e3o de for\u00e7as em torno de candidatura \u00fanica ao Senado na base governista em Goi\u00e1s passou a ser considerada \u201cimprov\u00e1vel\u201d, por articuladores caiadistas ouvidos pela Coluna. Avalia\u00e7\u00e3o \u00e9 de que os entraves apresentados por cada partido s\u00e3o dif\u00edceis de serem superados, principalmente diante da pausa nas articula\u00e7\u00f5es por conta da aus\u00eancia de Ronaldo Caiado. &hellip;<\/p>\n","protected":false},"author":3,"featured_media":67731,"comment_status":"open","ping_status":"open","sticky":false,"template":"","format":"standard","meta":{"_exactmetrics_skip_tracking":false,"_exactmetrics_sitenote_active":false,"_exactmetrics_sitenote_note":"","_exactmetrics_sitenote_category":0,"footnotes":""},"categories":[15,2],"tags":[],"_links":{"self":[{"href":"https:\/\/goiasemtempo.com.br\/home\/wp-json\/wp\/v2\/posts\/67730"}],"collection":[{"href":"https:\/\/goiasemtempo.com.br\/home\/wp-json\/wp\/v2\/posts"}],"about":[{"href":"https:\/\/goiasemtempo.com.br\/home\/wp-json\/wp\/v2\/types\/post"}],"author":[{"embeddable":true,"href":"https:\/\/goiasemtempo.com.br\/home\/wp-json\/wp\/v2\/users\/3"}],"replies":[{"embeddable":true,"href":"https:\/\/goiasemtempo.com.br\/home\/wp-json\/wp\/v2\/comments?post=67730"}],"version-history":[{"count":1,"href":"https:\/\/goiasemtempo.com.br\/home\/wp-json\/wp\/v2\/posts\/67730\/revisions"}],"predecessor-version":[{"id":67732,"href":"https:\/\/goiasemtempo.com.br\/home\/wp-json\/wp\/v2\/posts\/67730\/revisions\/67732"}],"wp:featuredmedia":[{"embeddable":true,"href":"https:\/\/goiasemtempo.com.br\/home\/wp-json\/wp\/v2\/media\/67731"}],"wp:attachment":[{"href":"https:\/\/goiasemtempo.com.br\/home\/wp-json\/wp\/v2\/media?parent=67730"}],"wp:term":[{"taxonomy":"category","embeddable":true,"href":"https:\/\/goiasemtempo.com.br\/home\/wp-json\/wp\/v2\/categories?post=67730"},{"taxonomy":"post_tag","embeddable":true,"href":"https:\/\/goiasemtempo.com.br\/home\/wp-json\/wp\/v2\/tags?post=67730"}],"curies":[{"name":"wp","href":"https:\/\/api.w.org\/{rel}","templated":true}]}}