{"id":67574,"date":"2022-06-25T17:54:27","date_gmt":"2022-06-25T17:54:27","guid":{"rendered":"http:\/\/goiasemtempo.com.br\/home\/?p=67574"},"modified":"2022-06-25T17:54:27","modified_gmt":"2022-06-25T17:54:27","slug":"apos-dois-anos-ciclistas-goianos-vao-para-nona-edicao-do-pedal-da-fe","status":"publish","type":"post","link":"https:\/\/goiasemtempo.com.br\/home\/apos-dois-anos-ciclistas-goianos-vao-para-nona-edicao-do-pedal-da-fe\/","title":{"rendered":"Ap\u00f3s dois anos, ciclistas goianos v\u00e3o para nona edi\u00e7\u00e3o do Pedal da F\u00e9"},"content":{"rendered":"<p>J\u00e1 come\u00e7ou a festa do Divino Pai Eterno. S\u00e3o esperados cerca de 5 milh\u00f5es de fi\u00e9is durante os 10 dias de evento, e uma turma de ciclistas se prepara para neste s\u00e1bado (25) irem rumo a Trindade. \u00c9 o\u00a0<strong>Pedal da F\u00e9<\/strong>, que est\u00e1 na 9\u00aa edi\u00e7\u00e3o. O evento \u00e9 origin\u00e1rio de Senador Canedo e um dos organizadores, Luciano Julio, idealizou o projeto em 2012. Segundo ele, no primeiro ano, apenas seis ciclistas participaram, mas a medida que as pessoas tomaram conhecimento, o n\u00famero s\u00f3 foi aumentando. Em 2022, chegou a 175 participantes.<\/p>\n<div id=\"sagre-1570942132\" class=\"sagre-materia-primeiro-paragrafo\">\n<div id=\"m_arroba-3\"><\/div>\n<\/div>\n<p>\u201cTem pessoal j\u00e1 perguntando se est\u00e3o abertas as inscri\u00e7\u00f5es do ano que vem, porque quem vai no evento uma vez n\u00e3o quer ficar de fora, ent\u00e3o s\u00f3 foi aumentando. Na \u00faltima edi\u00e7\u00e3o, em 2019, foram 100 ciclistas e em 2020 e 2021 n\u00f3s n\u00e3o fizemos respeitando a pandemia, n\u00e3o aconteceu. Ent\u00e3o, os 100 de 2019 est\u00e3o todos inscritos novamente e os novatos tamb\u00e9m querem participar\u201d<\/p>\n<p>\u201cEste ano as inscri\u00e7\u00f5es abriram no dia 1\u00ba de fevereiro e quando foi dia 10 de abril n\u00f3s encerramos as inscri\u00e7\u00f5es\u201d. Luciano afirmou que o n\u00famero m\u00e1ximo de ciclistas para este ano era de 150, mas permitiram 25 a mais por conta da estrutura que comporta a todos e oferece o suporte necess\u00e1rio.<\/p>\n<p>O Pedal da F\u00e9 tem o apoio das Prefeituras de Senador Canedo, Trindade e Hidrol\u00e2ndia e este ano entrou para a Lei de Incentivo ao Esporte, com o fomento do Governo Federal. Dessa forma, o projeto conseguiu arrecadar fundos para que acontecesse neste ano.<\/p>\n<p>Al\u00e9m de Senador Canedo, participantes de outras localidades estar\u00e3o presentes no Pedal da F\u00e9 como Bras\u00edlia, Rio Verde, Caldazinha, An\u00e1polis, Bela Vista e Goi\u00e2nia. A turma vai passar pelo mesmo trajeto dos carros de boi, totalizando entre 110 e 120 km. A programa\u00e7\u00e3o seguir\u00e1 todo um planejamento com previs\u00e3o de 10 horas de percurso, iniciando \u00e0s 5h da manh\u00e3.<\/p>\n<div id=\"sagre-1209443029\" class=\"sagre-materia-4-paragrafos\">\n<div id=\"m_arroba-4\"><\/div>\n<div id=\"d_arroba-4\" data-google-query-id=\"CN_BksaVyfgCFRuUlQIdxooBYA\">\n<div id=\"google_ads_iframe_\/26407833\/artigo\/d_arroba-4_0__container__\">\u201cA partir das 4h da manh\u00e3 vamos servir o caf\u00e9, fazer a ora\u00e7\u00e3o com um padre aqui da cidade e 5h em ponto estamos partindo para Trindade. Essa din\u00e2mica n\u00f3s usamos nas \u00faltimas edi\u00e7\u00f5es e vem dando certo e vamos mantendo. N\u00e3o tem almo\u00e7o porque pesa muito no estom\u00e2go do ciclista, a pedalada n\u00e3o rende, mas lanche \u00e9 \u00e0 vontade. Planejamos quatro refei\u00e7\u00f5es durante esse percurso\u201d, ressaltou Luciano.<\/div>\n<\/div>\n<\/div>\n<p>O organizador detalhou, tamb\u00e9m, o trajeto a ser percorrido para chegar at\u00e9 a Capital da F\u00e9, saindo de Senador Canedo. Ap\u00f3s isso, v\u00e3o passar por Aparecida de Goi\u00e2nia, em seguida tem Hidrol\u00e2ndia \u2013 distrito de Nova F\u00e1tima \u2013 al\u00e9m de Abadi\u00e2nia, Abadia de Goi\u00e1s e finalmente chegando ao destino final: Trindade. \u201cN\u00f3s fazemos os caminhos dos carros de boi, ent\u00e3o possivelmente vamos encontrar com eles neste percurso\u201d.<\/p>\n<figure class=\"wp-block-image size-large is-resized\"><img loading=\"lazy\" decoding=\"async\" class=\"wp-image-331893\" src=\"https:\/\/sagresonline.com.br\/wp-content\/uploads\/2022\/06\/FOTO-PEDAL-DA-FE-1-1024x576.jpeg\" alt=\"\" width=\"366\" height=\"190\" \/><figcaption>Pedal da F\u00e9 (Arquivo Pessoal)<\/figcaption><\/figure>\n<p>Outro ponto de preocupa\u00e7\u00e3o para a organiza\u00e7\u00e3o do Pedal da F\u00e9 \u00e9 a seguran\u00e7a de todos os participantes, at\u00e9 o momento nas edi\u00e7\u00f5es, nada de mais grave aconteceu, e neste ano, o evento ter\u00e1 o apoio do Corpo de Bombeiros, inclusive com o helic\u00f3ptero caso precise.<\/p>\n<p>\u201cO Samu tamb\u00e9m disponibilizou uma ambul\u00e2ncia, duas viaturas da SMT e dois agentes de moto tamb\u00e9m foram disponibilizados, fora os carros de apoio. N\u00f3s temos uma equipe de fisioterapia que v\u00e3o acompanhar, v\u00e3o dar o suporte caso tenham c\u00e2imbras. Toda parte de seguran\u00e7a estamos preocupados, mas claro que a gente n\u00e3o quer utilizar\u201d, salientou.<\/p>\n<p>Al\u00e9m do prop\u00f3sito esportivo e da religioso, o Pedal da F\u00e9 tem como objetivo deixar um legado social para as pessoas que participam do projeto e para os munic\u00edpios. Sendo assim, em todas as edi\u00e7\u00f5es fazem campanha de doa\u00e7\u00f5es de alimentos para a Vila S\u00e3o Cottolengo. Em 2019 foram doados duas toneladas e meia e este ano j\u00e1 est\u00e1 perto desta quantidade. \u201cQuando a gente faz um bem, ele \u00e9 melhor para quem faz do que para quem recebe\u201d, concluiu Luciano.<\/p>\n<p>&nbsp;<\/p>\n","protected":false},"excerpt":{"rendered":"<p>J\u00e1 come\u00e7ou a festa do Divino Pai Eterno. S\u00e3o esperados cerca de 5 milh\u00f5es de fi\u00e9is durante os 10 dias de evento, e uma turma de ciclistas se prepara para neste s\u00e1bado (25) irem rumo a Trindade. \u00c9 o\u00a0Pedal da F\u00e9, que est\u00e1 na 9\u00aa edi\u00e7\u00e3o. O evento \u00e9 origin\u00e1rio de Senador Canedo e um &hellip;<\/p>\n","protected":false},"author":3,"featured_media":67575,"comment_status":"open","ping_status":"open","sticky":false,"template":"","format":"standard","meta":{"footnotes":""},"categories":[19,467,4],"tags":[],"class_list":["post-67574","post","type-post","status-publish","format-standard","has-post-thumbnail","hentry","category-manchete","category-religiao","category-ultimas-noticias"],"_links":{"self":[{"href":"https:\/\/goiasemtempo.com.br\/home\/wp-json\/wp\/v2\/posts\/67574","targetHints":{"allow":["GET"]}}],"collection":[{"href":"https:\/\/goiasemtempo.com.br\/home\/wp-json\/wp\/v2\/posts"}],"about":[{"href":"https:\/\/goiasemtempo.com.br\/home\/wp-json\/wp\/v2\/types\/post"}],"author":[{"embeddable":true,"href":"https:\/\/goiasemtempo.com.br\/home\/wp-json\/wp\/v2\/users\/3"}],"replies":[{"embeddable":true,"href":"https:\/\/goiasemtempo.com.br\/home\/wp-json\/wp\/v2\/comments?post=67574"}],"version-history":[{"count":1,"href":"https:\/\/goiasemtempo.com.br\/home\/wp-json\/wp\/v2\/posts\/67574\/revisions"}],"predecessor-version":[{"id":67576,"href":"https:\/\/goiasemtempo.com.br\/home\/wp-json\/wp\/v2\/posts\/67574\/revisions\/67576"}],"wp:featuredmedia":[{"embeddable":true,"href":"https:\/\/goiasemtempo.com.br\/home\/wp-json\/wp\/v2\/media\/67575"}],"wp:attachment":[{"href":"https:\/\/goiasemtempo.com.br\/home\/wp-json\/wp\/v2\/media?parent=67574"}],"wp:term":[{"taxonomy":"category","embeddable":true,"href":"https:\/\/goiasemtempo.com.br\/home\/wp-json\/wp\/v2\/categories?post=67574"},{"taxonomy":"post_tag","embeddable":true,"href":"https:\/\/goiasemtempo.com.br\/home\/wp-json\/wp\/v2\/tags?post=67574"}],"curies":[{"name":"wp","href":"https:\/\/api.w.org\/{rel}","templated":true}]}}