{"id":67391,"date":"2022-06-09T15:14:14","date_gmt":"2022-06-09T15:14:14","guid":{"rendered":"http:\/\/goiasemtempo.com.br\/home\/?p=67391"},"modified":"2022-06-09T15:16:06","modified_gmt":"2022-06-09T15:16:06","slug":"projeto-que-proibe-cortes-de-agua-energia-e-gas-nos-finais-de-semana-e-feriados-e-aprovado-em-definitivo","status":"publish","type":"post","link":"https:\/\/goiasemtempo.com.br\/home\/projeto-que-proibe-cortes-de-agua-energia-e-gas-nos-finais-de-semana-e-feriados-e-aprovado-em-definitivo\/","title":{"rendered":"Aprovado em definitivo projeto que pro\u00edbe cortes de \u00e1gua, energia e g\u00e1s nos finais de semana e feriados em Goi\u00e1s"},"content":{"rendered":"<p>Foi aprovado na Assembleia Legislativa de Goi\u00e1s (Alego), em vota\u00e7\u00e3o definitiva na tarde dessa quarta-feira (8), o Projeto de Lei n\u00ba\u00a02875\/19, que pro\u00edbe concession\u00e1rias de servi\u00e7os p\u00fablicos de \u00e1gua, energia e g\u00e1s interromperem o fornecimento durante os finais de semana. Com 23 votos favor\u00e1veis, a mat\u00e9ria segue, agora, para a san\u00e7\u00e3o do Executivo.<\/p>\n<p>Conforme o texto atual, o objetivo \u00e9 proibir que concession\u00e1rias de servi\u00e7os p\u00fablicos de \u00e1gua, energia e g\u00e1s interrompam o fornecimento de insumos \u00e0s sextas-feiras, s\u00e1bados, domingos, feriados e no \u00faltimo dia \u00fatil anterior aos feriados.<\/p>\n<p>\u201cAo consumidor que tiver suspenso o fornecimento nos dias espec\u00edficos no artigo anterior, fica assegurado o direito de acionar juridicamente a empresa concession\u00e1ria por perdas e danos, al\u00e9m de ficar desobrigado do pagamento do d\u00e9bito que originou o referido corte\u201d, defende o autor da proposta, deputado Amauri Ribeiro (UB).<\/p>\n<p><img decoding=\"async\" src=\"https:\/\/radiobandeirantesgoiania.com.br\/wp-content\/uploads\/2019\/07\/desonto-conta-de-luz-enel-goiania.jpg\" alt=\"Pro\u00edbe cortes de \u00e1gua\" \/><\/p>\n<p>&nbsp;<\/p>\n","protected":false},"excerpt":{"rendered":"<p>Foi aprovado na Assembleia Legislativa de Goi\u00e1s (Alego), em vota\u00e7\u00e3o definitiva na tarde dessa quarta-feira (8), o Projeto de Lei n\u00ba\u00a02875\/19, que pro\u00edbe concession\u00e1rias de servi\u00e7os p\u00fablicos de \u00e1gua, energia e g\u00e1s interromperem o fornecimento durante os finais de semana. Com 23 votos favor\u00e1veis, a mat\u00e9ria segue, agora, para a san\u00e7\u00e3o do Executivo. Conforme o &hellip;<\/p>\n","protected":false},"author":3,"featured_media":67392,"comment_status":"open","ping_status":"open","sticky":false,"template":"","format":"standard","meta":{"_exactmetrics_skip_tracking":false,"_exactmetrics_sitenote_active":false,"_exactmetrics_sitenote_note":"","_exactmetrics_sitenote_category":0,"footnotes":""},"categories":[15,19,2],"tags":[],"_links":{"self":[{"href":"https:\/\/goiasemtempo.com.br\/home\/wp-json\/wp\/v2\/posts\/67391"}],"collection":[{"href":"https:\/\/goiasemtempo.com.br\/home\/wp-json\/wp\/v2\/posts"}],"about":[{"href":"https:\/\/goiasemtempo.com.br\/home\/wp-json\/wp\/v2\/types\/post"}],"author":[{"embeddable":true,"href":"https:\/\/goiasemtempo.com.br\/home\/wp-json\/wp\/v2\/users\/3"}],"replies":[{"embeddable":true,"href":"https:\/\/goiasemtempo.com.br\/home\/wp-json\/wp\/v2\/comments?post=67391"}],"version-history":[{"count":2,"href":"https:\/\/goiasemtempo.com.br\/home\/wp-json\/wp\/v2\/posts\/67391\/revisions"}],"predecessor-version":[{"id":67394,"href":"https:\/\/goiasemtempo.com.br\/home\/wp-json\/wp\/v2\/posts\/67391\/revisions\/67394"}],"wp:featuredmedia":[{"embeddable":true,"href":"https:\/\/goiasemtempo.com.br\/home\/wp-json\/wp\/v2\/media\/67392"}],"wp:attachment":[{"href":"https:\/\/goiasemtempo.com.br\/home\/wp-json\/wp\/v2\/media?parent=67391"}],"wp:term":[{"taxonomy":"category","embeddable":true,"href":"https:\/\/goiasemtempo.com.br\/home\/wp-json\/wp\/v2\/categories?post=67391"},{"taxonomy":"post_tag","embeddable":true,"href":"https:\/\/goiasemtempo.com.br\/home\/wp-json\/wp\/v2\/tags?post=67391"}],"curies":[{"name":"wp","href":"https:\/\/api.w.org\/{rel}","templated":true}]}}