{"id":67291,"date":"2022-06-02T20:44:23","date_gmt":"2022-06-02T20:44:23","guid":{"rendered":"http:\/\/goiasemtempo.com.br\/home\/?p=67291"},"modified":"2022-06-02T20:44:23","modified_gmt":"2022-06-02T20:44:23","slug":"zeze-di-camargo-gusttavo-lima-e-mais-veja-os-sertanejos-que-apoiam-bolsonaro","status":"publish","type":"post","link":"https:\/\/goiasemtempo.com.br\/home\/zeze-di-camargo-gusttavo-lima-e-mais-veja-os-sertanejos-que-apoiam-bolsonaro\/","title":{"rendered":"Zez\u00e9 Di Camargo, Gusttavo Lima e mais: Veja os sertanejos que apoiam Bolsonaro"},"content":{"rendered":"<p data-t=\"{&quot;n&quot;:&quot;blueLinks&quot;}\">Desde que\u00a0<a tabindex=\"0\" href=\"https:\/\/istoe.com.br\/ze-neto-ataca-anitta-em-show-e-fas-reagem-defendendo-a-cantora\/\" target=\"_blank\" rel=\"noopener\" data-t=\"{&quot;n&quot;:&quot;destination&quot;,&quot;t&quot;:13,&quot;b&quot;:1,&quot;c.t&quot;:7}\">o cantor\u00a0<\/a>\u00a0<a tabindex=\"0\" href=\"https:\/\/istoe.com.br\/tag\/ze-neto\/\" target=\"_blank\" rel=\"noopener\" data-t=\"{&quot;n&quot;:&quot;destination&quot;,&quot;t&quot;:13,&quot;b&quot;:1,&quot;c.t&quot;:7}\"><strong>Z\u00e9 Neto<\/strong><\/a>,\u00a0<a tabindex=\"0\" href=\"https:\/\/istoe.com.br\/ze-neto-ataca-anitta-em-show-e-fas-reagem-defendendo-a-cantora\/\" target=\"_blank\" rel=\"noopener\" data-t=\"{&quot;n&quot;:&quot;destination&quot;,&quot;t&quot;:13,&quot;b&quot;:1,&quot;c.t&quot;:7}\">da dupla com Cristiano, gerou pol\u00eamica ao criticar<\/a><a tabindex=\"0\" href=\"https:\/\/istoe.com.br\/ze-neto-ataca-anitta-em-show-e-fas-reagem-defendendo-a-cantora\/\" target=\"_blank\" rel=\"noopener\" data-t=\"{&quot;n&quot;:&quot;destination&quot;,&quot;t&quot;:13,&quot;b&quot;:1,&quot;c.t&quot;:7}\">\u00a0\u00e0 Lei Rouanet<\/a>\u00a0\u2013 acabou desencadeando uma s\u00e9rie de investiga\u00e7\u00f5es de shows e ainda, o cancelamento de alguns deles. Ap\u00f3s o\u00a0artista dizer que<a tabindex=\"0\" href=\"https:\/\/istoe.com.br\/ze-neto-ataca-anitta-em-show-e-fas-reagem-defendendo-a-cantora\/\" target=\"_blank\" rel=\"noopener\" data-t=\"{&quot;n&quot;:&quot;destination&quot;,&quot;t&quot;:13,&quot;b&quot;:1,&quot;c.t&quot;:7}\">\u00a0\u201cn\u00e3o precisa da norma de incentivo \u00e0 Cultura\u201d<\/a>, internautas passaram a analisar o valor de alguns cach\u00eas pagos com dinheiro p\u00fablico .<\/p>\n<div class=\"intra-article-ad intra-article-ad-half\" data-rendered=\"true\">\n<div class=\"native-ad-container native-ad-half\">\n<div class=\"article no-content-indicator image-pos-end narrow-image\">\n<div class=\"text\">\n<div class=\"actions\">A Revista <strong>Isto\u00c9 Gente<\/strong>\u00a0fez um levantamento e lista alguns sertanejos que s\u00e3o apoiadores declarados do presidente<a tabindex=\"0\" href=\"https:\/\/istoe.com.br\/tag\/jair-bolsonaro\/\" target=\"_blank\" rel=\"noopener\" data-t=\"{&quot;n&quot;:&quot;destination&quot;,&quot;t&quot;:13,&quot;b&quot;:1,&quot;c.t&quot;:7}\">\u00a0<strong>Jair Bolsonaro<\/strong>\u00a0<\/a>(PL), que tamb\u00e9m \u00e9 contra a Lei Rouanet. Confira!<\/div>\n<div><\/div>\n<\/div>\n<\/div>\n<\/div>\n<\/div>\n<p data-t=\"{&quot;n&quot;:&quot;blueLinks&quot;}\"><a tabindex=\"0\" href=\"https:\/\/istoe.com.br\/tag\/amado-batista\/\" target=\"_blank\" rel=\"noopener\" data-t=\"{&quot;n&quot;:&quot;destination&quot;,&quot;t&quot;:13,&quot;b&quot;:1,&quot;c.t&quot;:7}\"><strong>Amado Batista<\/strong><\/a><\/p>\n<p data-t=\"{&quot;n&quot;:&quot;blueLinks&quot;}\">Amigo pessoal de Bolsonaro, o cantor goiano tem in\u00fameros encontros, almo\u00e7os e faz quest\u00e3o de n\u00e3o esconder que apoia o pol\u00edtico em tudo.<\/p>\n<p data-t=\"{&quot;n&quot;:&quot;blueLinks&quot;}\"><strong><a tabindex=\"0\" href=\"https:\/\/istoe.com.br\/tag\/bruno\/\" target=\"_blank\" rel=\"noopener\" data-t=\"{&quot;n&quot;:&quot;destination&quot;,&quot;t&quot;:13,&quot;b&quot;:1,&quot;c.t&quot;:7}\">Bruno<\/a>, da dupla com Marrone<\/strong><\/p>\n<p id=\"continueReadBreak\" data-t=\"{&quot;n&quot;:&quot;blueLinks&quot;}\">Durante uma live em julho de 2020, Bruno rasgou elogios a Bolsonaro: \u201cN\u00e3o que eu seja bolsonarista, n\u00e3o, falo do Bolsonaro porque ele \u00e9 um cara honesto. O Brasil estava precisando de pessoas honestas, para limpar essa \u2018desgramaiada\u2019 que estava a\u00ed, tudo roubando a gente\u201d, disse o cantor na ocasi\u00e3o.<\/p>\n<p data-t=\"{&quot;n&quot;:&quot;blueLinks&quot;}\"><a tabindex=\"0\" href=\"https:\/\/istoe.com.br\/tag\/gusttavo-lima\/\" target=\"_blank\" rel=\"noopener\" data-t=\"{&quot;n&quot;:&quot;destination&quot;,&quot;t&quot;:13,&quot;b&quot;:1,&quot;c.t&quot;:7}\"><strong>Gusttavo Lima<\/strong><\/a><\/p>\n<p data-t=\"{&quot;n&quot;:&quot;blueLinks&quot;}\">A rela\u00e7\u00e3o entre o artista com a fam\u00edlia de Jair Bolsonaro \u00e9 bem pr\u00f3xima. Em suas redes sociais, o pol\u00edtico j\u00e1 defendeu Lima ap\u00f3s ele ser atacado por fazer uma live sem respeitar as medidas restritivas contra a Covid-19, em abril do ano passado.<\/p>\n<p data-t=\"{&quot;n&quot;:&quot;blueLinks&quot;}\"><a tabindex=\"0\" href=\"https:\/\/istoe.com.br\/tag\/henrique-e-juliano\/\" target=\"_blank\" rel=\"noopener\" data-t=\"{&quot;n&quot;:&quot;destination&quot;,&quot;t&quot;:13,&quot;b&quot;:1,&quot;c.t&quot;:7}\"><strong>Henrique e Juliano<\/strong><\/a><\/p>\n<div class=\"article-video-slot article-video-slot-adjust article-vid-auto-embed-adjust\" data-doc-id=\"AAXSYLi\" data-rendered=\"true\">\n<p>A dupla participou, ao lado de outros cantores sertanejos, em janeiro do ano passado, de um encontro com Bolsonaro, no Pal\u00e1cio do Planalto. Na ocasi\u00e3o, eles levaram uma carta de apoio ao governo federal e ao presidente.<\/p>\n<\/div>\n<p data-t=\"{&quot;n&quot;:&quot;blueLinks&quot;}\"><a tabindex=\"0\" href=\"https:\/\/istoe.com.br\/tag\/naiara-azevedo\/\" target=\"_blank\" rel=\"noopener\" data-t=\"{&quot;n&quot;:&quot;destination&quot;,&quot;t&quot;:13,&quot;b&quot;:1,&quot;c.t&quot;:7}\"><strong>Naiara Azevedo<\/strong><\/a><\/p>\n<p data-t=\"{&quot;n&quot;:&quot;blueLinks&quot;}\">Em janeiro do ano passado, Naiara e cantores como Amado Batista, Sorocaba, Rick, da dupla com Renner, Netinho, entre outros, marcaram presen\u00e7a em um almo\u00e7o promovido por Jair Bolsonaro, que teve como objetivo discutir solu\u00e7\u00f5es para os setores de eventos, turismo e gastronomia, que foram afetados durante a pandemia da Covid-19.<\/p>\n<p data-t=\"{&quot;n&quot;:&quot;blueLinks&quot;}\"><strong>Rick, da dupla com Renner<\/strong><\/p>\n<p data-t=\"{&quot;n&quot;:&quot;blueLinks&quot;}\">Em janeiro do ano passado, Rick e cantores como Amado Batista, Sorocaba, Naiara Azevedo, Netinho,\u00a0 entre outros. marcaram presen\u00e7a em um almo\u00e7o promovido por Jair Bolsonaro, que teve como objetivo discutir solu\u00e7\u00f5es para os setores de eventos, turismo e gastronomia, que foram afetados durante a pandemia da Covid-19.<\/p>\n<p data-t=\"{&quot;n&quot;:&quot;blueLinks&quot;}\"><strong><a tabindex=\"0\" href=\"https:\/\/istoe.com.br\/tag\/sorocaba\/\" target=\"_blank\" rel=\"noopener\" data-t=\"{&quot;n&quot;:&quot;destination&quot;,&quot;t&quot;:13,&quot;b&quot;:1,&quot;c.t&quot;:7}\">Sorocara<\/a>, da dupla com Fernando<\/strong><\/p>\n<p data-t=\"{&quot;n&quot;:&quot;blueLinks&quot;}\">Em janeiro do ano passado, Sorocara e cantores como Amado Batista, Rick, da dupla com Renner, Naiara Azevedo, Netinho, entre outros, marcaram presen\u00e7a em um almo\u00e7o promovido por Jair Bolsonaro, que teve como objetivo discutir solu\u00e7\u00f5es para os setores de eventos, turismo e gastronomia, que foram afetados durante a pandemia da Covid-19.<\/p>\n<p data-t=\"{&quot;n&quot;:&quot;blueLinks&quot;}\"><a tabindex=\"0\" href=\"https:\/\/istoe.com.br\/tag\/sergio-reis\/\" target=\"_blank\" rel=\"noopener\" data-t=\"{&quot;n&quot;:&quot;destination&quot;,&quot;t&quot;:13,&quot;b&quot;:1,&quot;c.t&quot;:7}\"><strong>S\u00e9rgio Reis<\/strong><\/a><\/p>\n<p data-t=\"{&quot;n&quot;:&quot;blueLinks&quot;}\">Em agosto do ano passado, S\u00e9rgio Reis organizou nas redes sociais uma manifesta\u00e7\u00e3o no dia 7 de setembro a favor do presidente Jair Bolsonaro com os caminhoneiros e agricultores em Bras\u00edlia. \u201cVoc\u00eas que est\u00e3o afim de salvar o Brasil, vamos com a gente para Bras\u00edlia\u201d, disse o cantor.<\/p>\n<p data-t=\"{&quot;n&quot;:&quot;blueLinks&quot;}\"><strong><a tabindex=\"0\" href=\"https:\/\/istoe.com.br\/tag\/ze-neto\/\" target=\"_blank\" rel=\"noopener\" data-t=\"{&quot;n&quot;:&quot;destination&quot;,&quot;t&quot;:13,&quot;b&quot;:1,&quot;c.t&quot;:7}\">Z\u00e9 Neto<\/a>, da dupla com Cristiano<\/strong><\/p>\n<p data-t=\"{&quot;n&quot;:&quot;blueLinks&quot;}\">Durante um show na cidade de Sorriso, no Mato Grosso, Z\u00e9 Neto disse n\u00e3o depender da Lei Rouanet em refer\u00eancia \u00e0 discursos bolsonaristas, que n\u00e3o concordam com a lei.<\/p>\n<p data-t=\"{&quot;n&quot;:&quot;blueLinks&quot;}\"><a tabindex=\"0\" href=\"https:\/\/istoe.com.br\/tag\/zeze-di-camargo\/\" target=\"_blank\" rel=\"noopener\" data-t=\"{&quot;n&quot;:&quot;destination&quot;,&quot;t&quot;:13,&quot;b&quot;:1,&quot;c.t&quot;:7}\"><strong>Zez\u00e9 Di Camargo<\/strong><\/a><\/p>\n<p data-t=\"{&quot;n&quot;:&quot;blueLinks&quot;}\">Em maio do ano passado, Zez\u00e9 publicou um v\u00eddeo em sua rede social afirmando ter votado em Bolsonaro e que votaria de novo, al\u00e9m de defender o \u2018voto impresso\u2019, algo que chegou a ser proposto pelo chefe de Estado.<\/p>\n","protected":false},"excerpt":{"rendered":"<p>Desde que\u00a0o cantor\u00a0\u00a0Z\u00e9 Neto,\u00a0da dupla com Cristiano, gerou pol\u00eamica ao criticar\u00a0\u00e0 Lei Rouanet\u00a0\u2013 acabou desencadeando uma s\u00e9rie de investiga\u00e7\u00f5es de shows e ainda, o cancelamento de alguns deles. Ap\u00f3s o\u00a0artista dizer que\u00a0\u201cn\u00e3o precisa da norma de incentivo \u00e0 Cultura\u201d, internautas passaram a analisar o valor de alguns cach\u00eas pagos com dinheiro p\u00fablico . A Revista &hellip;<\/p>\n","protected":false},"author":3,"featured_media":67292,"comment_status":"open","ping_status":"open","sticky":false,"template":"","format":"standard","meta":{"_exactmetrics_skip_tracking":false,"_exactmetrics_sitenote_active":false,"_exactmetrics_sitenote_note":"","_exactmetrics_sitenote_category":0,"footnotes":""},"categories":[66,2],"tags":[],"_links":{"self":[{"href":"https:\/\/goiasemtempo.com.br\/home\/wp-json\/wp\/v2\/posts\/67291"}],"collection":[{"href":"https:\/\/goiasemtempo.com.br\/home\/wp-json\/wp\/v2\/posts"}],"about":[{"href":"https:\/\/goiasemtempo.com.br\/home\/wp-json\/wp\/v2\/types\/post"}],"author":[{"embeddable":true,"href":"https:\/\/goiasemtempo.com.br\/home\/wp-json\/wp\/v2\/users\/3"}],"replies":[{"embeddable":true,"href":"https:\/\/goiasemtempo.com.br\/home\/wp-json\/wp\/v2\/comments?post=67291"}],"version-history":[{"count":1,"href":"https:\/\/goiasemtempo.com.br\/home\/wp-json\/wp\/v2\/posts\/67291\/revisions"}],"predecessor-version":[{"id":67293,"href":"https:\/\/goiasemtempo.com.br\/home\/wp-json\/wp\/v2\/posts\/67291\/revisions\/67293"}],"wp:featuredmedia":[{"embeddable":true,"href":"https:\/\/goiasemtempo.com.br\/home\/wp-json\/wp\/v2\/media\/67292"}],"wp:attachment":[{"href":"https:\/\/goiasemtempo.com.br\/home\/wp-json\/wp\/v2\/media?parent=67291"}],"wp:term":[{"taxonomy":"category","embeddable":true,"href":"https:\/\/goiasemtempo.com.br\/home\/wp-json\/wp\/v2\/categories?post=67291"},{"taxonomy":"post_tag","embeddable":true,"href":"https:\/\/goiasemtempo.com.br\/home\/wp-json\/wp\/v2\/tags?post=67291"}],"curies":[{"name":"wp","href":"https:\/\/api.w.org\/{rel}","templated":true}]}}