{"id":67166,"date":"2022-05-26T15:41:44","date_gmt":"2022-05-26T15:41:44","guid":{"rendered":"http:\/\/goiasemtempo.com.br\/home\/?p=67166"},"modified":"2022-05-26T15:41:44","modified_gmt":"2022-05-26T15:41:44","slug":"sabado-tem-dia-d-de-vacinacao-contra-influenza-sarampo-e-covid-19-em-anapolis","status":"publish","type":"post","link":"https:\/\/goiasemtempo.com.br\/home\/sabado-tem-dia-d-de-vacinacao-contra-influenza-sarampo-e-covid-19-em-anapolis\/","title":{"rendered":"S\u00e1bado tem Dia D de vacina\u00e7\u00e3o contra Influenza, Sarampo e Covid-19, em An\u00e1polis"},"content":{"rendered":"<p>Devido \u00e0 baixa cobertura vacinal em todo o Pa\u00eds, o Estado de Goi\u00e1s definiu o pr\u00f3ximo s\u00e1bado, 28, como mais um Dia D de vacina\u00e7\u00e3o contra a Influenza, Sarampo e Covid-19. Ser\u00e1 das 8h \u00e0s 16h, em todas as unidades de sa\u00fade do munic\u00edpio, incluindo os quatro distritos e o povoado de Bran\u00e1polis. No Bairro de Lourdes, a imuniza\u00e7\u00e3o ser\u00e1 feita na estrutura do Vem e Faz, que acontece na pra\u00e7a do bairro a partir das 9h.<\/p>\n<p>A vacina contra a Influenza est\u00e1 dispon\u00edvel para os seguintes grupos: idosos com mais de 60 anos; trabalhadores de sa\u00fade; crian\u00e7as de 6 meses a menores de 5 anos; gestantes; pu\u00e9rperas (mulheres at\u00e9 45 dias ap\u00f3s o parto); portadores de doen\u00e7as cr\u00f4nicas n\u00e3o transmiss\u00edveis e outras condi\u00e7\u00f5es cl\u00ednicas especiais; pessoas com defici\u00eancia permanente; professores; for\u00e7as de seguran\u00e7a e salvamento; for\u00e7as armadas; caminhoneiros; trabalhadores de transporte coletivo rodovi\u00e1rio de passageiros urbano e de longo curso; e trabalhadores portu\u00e1rios.<\/p>\n<p>J\u00e1 a imuniza\u00e7\u00e3o contra o sarampo poder\u00e1 ser feita em trabalhadores da sa\u00fade e crian\u00e7as de 6 meses a menores de 5 anos. A vacina contra a Covid-19 estar\u00e1 dispon\u00edvel em todas as doses para completar o esquema vacinal nos locais em que s\u00e3o distribu\u00eddas conforme o imunizante (anapolis.go.gov.br\/vacinacao-em-anapolis). \u00c9 fundamental levar o cart\u00e3o de vacinas.<\/p>\n<p>Em todas as situa\u00e7\u00f5es, ser\u00e3o exigidos comprovantes de inclus\u00e3o nos grupos, como relat\u00f3rio m\u00e9dico; prescri\u00e7\u00e3o de medicamentos de uso cont\u00ednuo; identifica\u00e7\u00e3o como portador de doen\u00e7a permanente; documentos que comprovem o exerc\u00edcio do trabalho (n\u00e3o \u00e9 valido documento de conselho unicamente). Em caso de profissional liberal, apresentar comprova\u00e7\u00e3o de exerc\u00edcio.<\/p>\n<p>Locais de vacina\u00e7\u00e3o contra a Influenza e Sarampo:<br \/>\nBairro de Lourdes \u2013 Estrutura no Vem e Faz<br \/>\nUnidade Dr. Illion Fleury Jr<br \/>\nMaracananzinho<br \/>\nBoa Vista\/Santa Isabel<br \/>\nS\u00e3o Carlos<br \/>\nJardim das Am\u00e9ricas<br \/>\nRecanto do Sol<br \/>\nVila Norte<br \/>\nJardim Guanabara<br \/>\nSanta Maria de Nazar\u00e9<br \/>\nJK<br \/>\nTropical<br \/>\nS\u00e3o Louren\u00e7o<br \/>\nJardim das Oliveiras<br \/>\nJardim Su\u00ed\u00e7o<br \/>\nS\u00e3o Jos\u00e9<br \/>\nVila Fabril<br \/>\nPara\u00edso<br \/>\nVila Uni\u00e3o<br \/>\nVivian Parque<br \/>\nCalixt\u00f3polis<br \/>\nS\u00e3o Vicente<br \/>\nMunir Calixto<br \/>\nVila Formosa<br \/>\nJo\u00e3o Luiz de Oliveira<br \/>\nArco Verde<br \/>\nArco-\u00cdris<br \/>\nDom Manoel<br \/>\nCalixtol\u00e2ndia<br \/>\nVila Esperan\u00e7a<br \/>\nFilostro Machado<br \/>\nSanto Ant\u00f4nio<br \/>\nMaracan\u00e3<br \/>\nAlexandrina<br \/>\nBandeiras<br \/>\nAnexo Itamaraty<br \/>\nAdriana Parque<br \/>\nParque dos Pirineus<br \/>\nAbadia Lopes da Fonseca<br \/>\nGoial\u00e2ndia<br \/>\nInterl\u00e2ndia<br \/>\nSouz\u00e2nia<br \/>\nJoan\u00e1polis<br \/>\nBran\u00e1polis<\/p>\n","protected":false},"excerpt":{"rendered":"<p>Devido \u00e0 baixa cobertura vacinal em todo o Pa\u00eds, o Estado de Goi\u00e1s definiu o pr\u00f3ximo s\u00e1bado, 28, como mais um Dia D de vacina\u00e7\u00e3o contra a Influenza, Sarampo e Covid-19. Ser\u00e1 das 8h \u00e0s 16h, em todas as unidades de sa\u00fade do munic\u00edpio, incluindo os quatro distritos e o povoado de Bran\u00e1polis. No Bairro &hellip;<\/p>\n","protected":false},"author":3,"featured_media":67167,"comment_status":"open","ping_status":"open","sticky":false,"template":"","format":"standard","meta":{"_exactmetrics_skip_tracking":false,"_exactmetrics_sitenote_active":false,"_exactmetrics_sitenote_note":"","_exactmetrics_sitenote_category":0,"footnotes":""},"categories":[18,19,16],"tags":[],"_links":{"self":[{"href":"https:\/\/goiasemtempo.com.br\/home\/wp-json\/wp\/v2\/posts\/67166"}],"collection":[{"href":"https:\/\/goiasemtempo.com.br\/home\/wp-json\/wp\/v2\/posts"}],"about":[{"href":"https:\/\/goiasemtempo.com.br\/home\/wp-json\/wp\/v2\/types\/post"}],"author":[{"embeddable":true,"href":"https:\/\/goiasemtempo.com.br\/home\/wp-json\/wp\/v2\/users\/3"}],"replies":[{"embeddable":true,"href":"https:\/\/goiasemtempo.com.br\/home\/wp-json\/wp\/v2\/comments?post=67166"}],"version-history":[{"count":1,"href":"https:\/\/goiasemtempo.com.br\/home\/wp-json\/wp\/v2\/posts\/67166\/revisions"}],"predecessor-version":[{"id":67168,"href":"https:\/\/goiasemtempo.com.br\/home\/wp-json\/wp\/v2\/posts\/67166\/revisions\/67168"}],"wp:featuredmedia":[{"embeddable":true,"href":"https:\/\/goiasemtempo.com.br\/home\/wp-json\/wp\/v2\/media\/67167"}],"wp:attachment":[{"href":"https:\/\/goiasemtempo.com.br\/home\/wp-json\/wp\/v2\/media?parent=67166"}],"wp:term":[{"taxonomy":"category","embeddable":true,"href":"https:\/\/goiasemtempo.com.br\/home\/wp-json\/wp\/v2\/categories?post=67166"},{"taxonomy":"post_tag","embeddable":true,"href":"https:\/\/goiasemtempo.com.br\/home\/wp-json\/wp\/v2\/tags?post=67166"}],"curies":[{"name":"wp","href":"https:\/\/api.w.org\/{rel}","templated":true}]}}