{"id":67059,"date":"2022-05-18T14:26:24","date_gmt":"2022-05-18T14:26:24","guid":{"rendered":"http:\/\/goiasemtempo.com.br\/home\/?p=67059"},"modified":"2022-05-18T14:26:24","modified_gmt":"2022-05-18T14:26:24","slug":"com-a-chegada-do-frio-prefeitura-de-anapolis-acolhe-populacao-em-situacao-de-rua","status":"publish","type":"post","link":"https:\/\/goiasemtempo.com.br\/home\/com-a-chegada-do-frio-prefeitura-de-anapolis-acolhe-populacao-em-situacao-de-rua\/","title":{"rendered":"Com a chegada do frio, Prefeitura de An\u00e1polis acolhe popula\u00e7\u00e3o em situa\u00e7\u00e3o de rua"},"content":{"rendered":"<p>A partir desta ter\u00e7a-feira (17), o Gin\u00e1sio Carlos de Pina, no Setor Sul Jamil Miguel, em An\u00e1polis, funcionar\u00e1 como alojamento para pessoas em situa\u00e7\u00e3o de rua devido \u00e0 queda de temperatura na cidade. O acolhimento, oferecido pela Secretaria Municipal de Integra\u00e7\u00e3o Social, Esporte e Cultura, \u00e9 uma iniciativa da Prefeitura, que todos os anos realiza a a\u00e7\u00e3o nesta \u00e9poca de frio.<\/p>\n<p>As equipes do Centro POP v\u00eam fazendo abordagens di\u00e1rias para informar o p\u00fablico em situa\u00e7\u00e3o de rua, que j\u00e1 \u00e9 atendido pelo munic\u00edpio, a respeito do servi\u00e7o. Durante esse per\u00edodo, a distribui\u00e7\u00e3o de marmitas para o jantar ser\u00e1 feita no pr\u00f3prio Gin\u00e1sio, onde os acolhidos tamb\u00e9m poder\u00e3o tomar banho e receber cobertores doados pelo programa Volunt\u00e1rios de Cora\u00e7\u00e3o, que hoje lan\u00e7ou a Campanha do Agasalho 2022.<\/p>\n<p>A abertura do alojamento, que tem capacidade para receber at\u00e9 90 pessoas, acontece \u00e0s 19 horas e vai at\u00e9 as 7 horas da manh\u00e3 do dia seguinte. O caf\u00e9 da manh\u00e3 continuar\u00e1 sendo servido no Centro POP, no Setor Central. \u201cA popula\u00e7\u00e3o pode nos acionar caso identifique pessoas que precisem desse atendimento, mas \u00e9 importante lembrar que todos os servi\u00e7os do Centro POP seguem sendo realizados diariamente, como encaminhamento para o Sine, CAPS AD e comunidade terap\u00eautica\u201d, explica a secret\u00e1ria de Integra\u00e7\u00e3o Social, Andrea Lins. Para mais informa\u00e7\u00f5es, o telefone do Centro POP \u00e9 3902-2554.<\/p>\n","protected":false},"excerpt":{"rendered":"<p>A partir desta ter\u00e7a-feira (17), o Gin\u00e1sio Carlos de Pina, no Setor Sul Jamil Miguel, em An\u00e1polis, funcionar\u00e1 como alojamento para pessoas em situa\u00e7\u00e3o de rua devido \u00e0 queda de temperatura na cidade. O acolhimento, oferecido pela Secretaria Municipal de Integra\u00e7\u00e3o Social, Esporte e Cultura, \u00e9 uma iniciativa da Prefeitura, que todos os anos realiza &hellip;<\/p>\n","protected":false},"author":3,"featured_media":67060,"comment_status":"open","ping_status":"open","sticky":false,"template":"","format":"standard","meta":{"_exactmetrics_skip_tracking":false,"_exactmetrics_sitenote_active":false,"_exactmetrics_sitenote_note":"","_exactmetrics_sitenote_category":0,"footnotes":""},"categories":[18,19,65],"tags":[],"_links":{"self":[{"href":"https:\/\/goiasemtempo.com.br\/home\/wp-json\/wp\/v2\/posts\/67059"}],"collection":[{"href":"https:\/\/goiasemtempo.com.br\/home\/wp-json\/wp\/v2\/posts"}],"about":[{"href":"https:\/\/goiasemtempo.com.br\/home\/wp-json\/wp\/v2\/types\/post"}],"author":[{"embeddable":true,"href":"https:\/\/goiasemtempo.com.br\/home\/wp-json\/wp\/v2\/users\/3"}],"replies":[{"embeddable":true,"href":"https:\/\/goiasemtempo.com.br\/home\/wp-json\/wp\/v2\/comments?post=67059"}],"version-history":[{"count":1,"href":"https:\/\/goiasemtempo.com.br\/home\/wp-json\/wp\/v2\/posts\/67059\/revisions"}],"predecessor-version":[{"id":67061,"href":"https:\/\/goiasemtempo.com.br\/home\/wp-json\/wp\/v2\/posts\/67059\/revisions\/67061"}],"wp:featuredmedia":[{"embeddable":true,"href":"https:\/\/goiasemtempo.com.br\/home\/wp-json\/wp\/v2\/media\/67060"}],"wp:attachment":[{"href":"https:\/\/goiasemtempo.com.br\/home\/wp-json\/wp\/v2\/media?parent=67059"}],"wp:term":[{"taxonomy":"category","embeddable":true,"href":"https:\/\/goiasemtempo.com.br\/home\/wp-json\/wp\/v2\/categories?post=67059"},{"taxonomy":"post_tag","embeddable":true,"href":"https:\/\/goiasemtempo.com.br\/home\/wp-json\/wp\/v2\/tags?post=67059"}],"curies":[{"name":"wp","href":"https:\/\/api.w.org\/{rel}","templated":true}]}}