{"id":66893,"date":"2022-05-09T14:57:20","date_gmt":"2022-05-09T14:57:20","guid":{"rendered":"http:\/\/goiasemtempo.com.br\/home\/?p=66893"},"modified":"2022-05-09T14:57:20","modified_gmt":"2022-05-09T14:57:20","slug":"jovem-morre-vitima-de-acidente-na-avenida-universitaria","status":"publish","type":"post","link":"https:\/\/goiasemtempo.com.br\/home\/jovem-morre-vitima-de-acidente-na-avenida-universitaria\/","title":{"rendered":"Jovem morre v\u00edtima de acidente na Avenida Universit\u00e1ria"},"content":{"rendered":"<p>No \u00faltimo s\u00e1bado, dia 7, um carro se chocou com uma \u00e1rvore na Avenida Universit\u00e1ria, em An\u00e1polis. A motorista, de 24 anos, havia se assustado com o barulho do escapamento de outro ve\u00edculo e acabou perdendo o controle, de acordo com a Pol\u00edcia Militar (PM).<\/p>\n<div id=\"porta-1150453283\" class=\"porta-artigos\">\n<div id=\"porta-666518953\">Equipes do Corpo do Bombeiros e do Servi\u00e7o de Atendimento M\u00f3vel de Urg\u00eancia (Samu) foram acionados para o resgate. Ao todo, quatro pessoas foram levadas ao hospital. No entanto, na noite de domingo (08), a jovem Ana J\u00falia Gon\u00e7alves Farias, de 20 anos, faleceu no Hospital Estadual de An\u00e1polis Dr. Henrique Santillo (HEANA).<\/div>\n<\/div>\n<div class=\"jnews_inline_related_post_wrapper left\">\n<div class=\"jnews_inline_related_post\">\n<div class=\"jeg_postblock_28 jeg_postblock jeg_module_hook jeg_pagination_disable jeg_col_2o3 jnews_module_117502_0_62792b3b1c5d2   \" data-unique=\"jnews_module_117502_0_62792b3b1c5d2\">\n<div class=\"jeg_block_heading jeg_block_heading_5 jeg_subcat_right\"><\/div>\n<div class=\"jeg_block_container\">\n<div class=\"jeg_posts \">\n<div class=\"jeg_postsmall jeg_load_more_flag\">\n<article class=\"jeg_post jeg_pl_xs_4 format-standard\">\n<div class=\"jeg_postblock_content\">\n<h3 class=\"jeg_post_title\"><\/h3>\n<\/div>\n<\/article>\n<\/div>\n<\/div>\n<\/div>\n<\/div>\n<\/div>\n<\/div>\n<div class=\"wp-block-image\">\n<figure class=\"aligncenter size-full is-resized\"><img fetchpriority=\"high\" decoding=\"async\" class=\"wp-image-117504\" src=\"https:\/\/portalcontexto.com\/wp-content\/uploads\/2022\/05\/JULIA-1.jpg\" sizes=\"(max-width: 383px) 100vw, 383px\" srcset=\"https:\/\/portalcontexto.com\/wp-content\/uploads\/2022\/05\/JULIA-1.jpg 741w, https:\/\/portalcontexto.com\/wp-content\/uploads\/2022\/05\/JULIA-1-614x800.jpg 614w\" alt=\"\" width=\"383\" height=\"499\" data-pin-no-hover=\"true\" \/><figcaption>Ana J\u00falia Gon\u00e7alves Farias, 20 anos<\/p>\n<\/figcaption><\/figure>\n<\/div>\n<p>A v\u00edtima era de Ipor\u00e1 e estava em An\u00e1polis a passeio, estando junto da irm\u00e3, da m\u00e3e e de uma crian\u00e7a de quatro anos no ve\u00edculo HB20, quando se chocaram com a \u00e1rvore na Avenida Universit\u00e1ria, no bairro Jardim das Am\u00e9ricas 2\u00aa Etapa.<\/p>\n","protected":false},"excerpt":{"rendered":"<p>No \u00faltimo s\u00e1bado, dia 7, um carro se chocou com uma \u00e1rvore na Avenida Universit\u00e1ria, em An\u00e1polis. A motorista, de 24 anos, havia se assustado com o barulho do escapamento de outro ve\u00edculo e acabou perdendo o controle, de acordo com a Pol\u00edcia Militar (PM). Equipes do Corpo do Bombeiros e do Servi\u00e7o de Atendimento &hellip;<\/p>\n","protected":false},"author":3,"featured_media":66894,"comment_status":"open","ping_status":"open","sticky":false,"template":"","format":"standard","meta":{"_exactmetrics_skip_tracking":false,"_exactmetrics_sitenote_active":false,"_exactmetrics_sitenote_note":"","_exactmetrics_sitenote_category":0,"footnotes":""},"categories":[18,346],"tags":[],"_links":{"self":[{"href":"https:\/\/goiasemtempo.com.br\/home\/wp-json\/wp\/v2\/posts\/66893"}],"collection":[{"href":"https:\/\/goiasemtempo.com.br\/home\/wp-json\/wp\/v2\/posts"}],"about":[{"href":"https:\/\/goiasemtempo.com.br\/home\/wp-json\/wp\/v2\/types\/post"}],"author":[{"embeddable":true,"href":"https:\/\/goiasemtempo.com.br\/home\/wp-json\/wp\/v2\/users\/3"}],"replies":[{"embeddable":true,"href":"https:\/\/goiasemtempo.com.br\/home\/wp-json\/wp\/v2\/comments?post=66893"}],"version-history":[{"count":1,"href":"https:\/\/goiasemtempo.com.br\/home\/wp-json\/wp\/v2\/posts\/66893\/revisions"}],"predecessor-version":[{"id":66895,"href":"https:\/\/goiasemtempo.com.br\/home\/wp-json\/wp\/v2\/posts\/66893\/revisions\/66895"}],"wp:featuredmedia":[{"embeddable":true,"href":"https:\/\/goiasemtempo.com.br\/home\/wp-json\/wp\/v2\/media\/66894"}],"wp:attachment":[{"href":"https:\/\/goiasemtempo.com.br\/home\/wp-json\/wp\/v2\/media?parent=66893"}],"wp:term":[{"taxonomy":"category","embeddable":true,"href":"https:\/\/goiasemtempo.com.br\/home\/wp-json\/wp\/v2\/categories?post=66893"},{"taxonomy":"post_tag","embeddable":true,"href":"https:\/\/goiasemtempo.com.br\/home\/wp-json\/wp\/v2\/tags?post=66893"}],"curies":[{"name":"wp","href":"https:\/\/api.w.org\/{rel}","templated":true}]}}