{"id":66817,"date":"2022-05-03T13:54:04","date_gmt":"2022-05-03T13:54:04","guid":{"rendered":"http:\/\/goiasemtempo.com.br\/home\/?p=66817"},"modified":"2022-05-03T13:54:48","modified_gmt":"2022-05-03T13:54:48","slug":"para-comemorar-dia-das-maes-em-abrigo-programa-voluntarios-de-coracao-arrecada-presentes-pedidos-por-idosas","status":"publish","type":"post","link":"https:\/\/goiasemtempo.com.br\/home\/para-comemorar-dia-das-maes-em-abrigo-programa-voluntarios-de-coracao-arrecada-presentes-pedidos-por-idosas\/","title":{"rendered":"Programa Volunt\u00e1rios de Cora\u00e7\u00e3o arrecada presentes pedidos por idosas em An\u00e1polis"},"content":{"rendered":"<p>As idosas do Abrigo Monte Sinai, localizado no bairro Munir Calixto, receberam a visita dos Volunt\u00e1rios de Cora\u00e7\u00e3o, nesta segunda-feira, 2, para juntos realizarem a confec\u00e7\u00e3o de cartinhas e desenhos representando os presentes que cada uma delas gostaria de ganhar no Dia das M\u00e3es, comemorado no pr\u00f3ximo domingo, 8. Esteve presente na a\u00e7\u00e3o a secret\u00e1ria de Integra\u00e7\u00e3o Social, Esporte e Cultura, Andrea Lins.<\/p>\n<p>N\u00e3o faltou criatividade nos pedidos, que v\u00e3o desde pe\u00e7as de roupas, como pijamas e vestidos, at\u00e9 livros liter\u00e1rios, maquiagens, perfumes e an\u00e9is. As idosas esbanjaram simpatia e empolga\u00e7\u00e3o durante a atividade. A entrega dos presentes ser\u00e1 realizada na pr\u00f3xima quinta-feira, 5, na pr\u00f3pria institui\u00e7\u00e3o, e os interessados podem ajudar com doa\u00e7\u00f5es.<\/p>\n<p>A diretora do abrigo, Patr\u00edcia Cristina, relata a ansiedade das idosas e fala da import\u00e2ncia do Dia das M\u00e3es em suas vidas. \u201cDesde o m\u00eas de abril elas j\u00e1 esperam e comentam a respeito dos presentes que querem ganhar. Essa \u00e9 uma data muito importante na vida delas, que recebem o presente como uma demonstra\u00e7\u00e3o de amor. \u00c9 realmente emocionante\u201d, destacou.<\/p>\n<p>A pessoa que quiser ajudar doando algum item da lista pode entrar em contato pelo telefone 3902-1241. A entrega do presente pode ser feita pessoalmente pelo volunt\u00e1rio, na data do evento.<\/p>\n<p>Confira a lista de pedidos:<br \/>\nOredina: um livro;<br \/>\nMaria Aparecida: um perfume;<br \/>\nArantes: um anel (n\u00ba 16);<br \/>\nAlcina: um pijama de blusa e short de algod\u00e3o (tamanho M);<br \/>\nMaria Santos: um pijama de blusa e cal\u00e7a de algod\u00e3o (tamanho M);<br \/>\nConcei\u00e7\u00e3o: esmalte e maquiagem;<br \/>\nAnt\u00f4nia: um rel\u00f3gio;<br \/>\nDirce: uma blusa (tamanho M);<br \/>\nElvina: um vestido (tamanho M);<br \/>\nElizeba: um perfume;<br \/>\nMaria de Lourdes: um vestido midi (tamanho G);<br \/>\nCleusa: um vestido rosa ou vermelho midi (tamanho G);<br \/>\nMarisa: um vestido midi (tamanho G);<br \/>\nJosefa: um vestido midi (tamanho G);<br \/>\nGeralda: um par de \u00f3culos de sol;<br \/>\nCarola: um vestido azul claro com rosa (tamanho G).<\/p>\n","protected":false},"excerpt":{"rendered":"<p>As idosas do Abrigo Monte Sinai, localizado no bairro Munir Calixto, receberam a visita dos Volunt\u00e1rios de Cora\u00e7\u00e3o, nesta segunda-feira, 2, para juntos realizarem a confec\u00e7\u00e3o de cartinhas e desenhos representando os presentes que cada uma delas gostaria de ganhar no Dia das M\u00e3es, comemorado no pr\u00f3ximo domingo, 8. Esteve presente na a\u00e7\u00e3o a secret\u00e1ria &hellip;<\/p>\n","protected":false},"author":3,"featured_media":66818,"comment_status":"open","ping_status":"open","sticky":false,"template":"","format":"standard","meta":{"footnotes":""},"categories":[18,19,65],"tags":[],"class_list":["post-66817","post","type-post","status-publish","format-standard","has-post-thumbnail","hentry","category-anapolis","category-manchete","category-solidariedade"],"_links":{"self":[{"href":"https:\/\/goiasemtempo.com.br\/home\/wp-json\/wp\/v2\/posts\/66817","targetHints":{"allow":["GET"]}}],"collection":[{"href":"https:\/\/goiasemtempo.com.br\/home\/wp-json\/wp\/v2\/posts"}],"about":[{"href":"https:\/\/goiasemtempo.com.br\/home\/wp-json\/wp\/v2\/types\/post"}],"author":[{"embeddable":true,"href":"https:\/\/goiasemtempo.com.br\/home\/wp-json\/wp\/v2\/users\/3"}],"replies":[{"embeddable":true,"href":"https:\/\/goiasemtempo.com.br\/home\/wp-json\/wp\/v2\/comments?post=66817"}],"version-history":[{"count":2,"href":"https:\/\/goiasemtempo.com.br\/home\/wp-json\/wp\/v2\/posts\/66817\/revisions"}],"predecessor-version":[{"id":66820,"href":"https:\/\/goiasemtempo.com.br\/home\/wp-json\/wp\/v2\/posts\/66817\/revisions\/66820"}],"wp:featuredmedia":[{"embeddable":true,"href":"https:\/\/goiasemtempo.com.br\/home\/wp-json\/wp\/v2\/media\/66818"}],"wp:attachment":[{"href":"https:\/\/goiasemtempo.com.br\/home\/wp-json\/wp\/v2\/media?parent=66817"}],"wp:term":[{"taxonomy":"category","embeddable":true,"href":"https:\/\/goiasemtempo.com.br\/home\/wp-json\/wp\/v2\/categories?post=66817"},{"taxonomy":"post_tag","embeddable":true,"href":"https:\/\/goiasemtempo.com.br\/home\/wp-json\/wp\/v2\/tags?post=66817"}],"curies":[{"name":"wp","href":"https:\/\/api.w.org\/{rel}","templated":true}]}}