{"id":66731,"date":"2022-04-26T13:47:19","date_gmt":"2022-04-26T13:47:19","guid":{"rendered":"http:\/\/goiasemtempo.com.br\/home\/?p=66731"},"modified":"2022-04-26T13:47:19","modified_gmt":"2022-04-26T13:47:19","slug":"bolsonaro-cumprimenta-macron-por-vitoria-na-franca-um-dia-apos-eleicao","status":"publish","type":"post","link":"https:\/\/goiasemtempo.com.br\/home\/bolsonaro-cumprimenta-macron-por-vitoria-na-franca-um-dia-apos-eleicao\/","title":{"rendered":"Bolsonaro cumprimenta Macron por vit\u00f3ria na Fran\u00e7a um dia ap\u00f3s elei\u00e7\u00e3o"},"content":{"rendered":"<p>Um dia ap\u00f3s a confirma\u00e7\u00e3o da vit\u00f3ria de Emmanuel Macron na elei\u00e7\u00e3o da Fran\u00e7a, o presidente brasileiro, Jair Bolsonaro (PL), cumprimentou Emmanuel Macron por sua reelei\u00e7\u00e3o ao governo franc\u00eas -os dois l\u00edderes trocaram uma s\u00e9rie de cr\u00edticas ao longo dos \u00faltimos anos.<\/p>\n<p>O texto, protocolar, afirma que o Brasil espera \u201cseguir implementado agenda bilateral\u201d com o pa\u00eds. At\u00e9 ent\u00e3o, Bolsonaro era um dos poucos l\u00edderes mundiais a ignorar o resultado.<\/p>\n<p>\u201cO governo brasileiro cumprimenta o senhor Emmanuel Macron por sua reelei\u00e7\u00e3o \u00e0 Presid\u00eancia da Rep\u00fablica Francesa\u201d, diz a nota divulgada pelo Itamaraty. \u201cO Brasil reafirma a disposi\u00e7\u00e3o de trabalhar pelo aprofundamento dos la\u00e7os hist\u00f3ricos que unem os dois pa\u00edses e trazem benef\u00edcios m\u00fatuos a brasileiros e franceses, e manifesta expectativa de seguir implementando a ampla agenda bilateral\u201d.<\/p>\n<p>Chefes de Estado e governo como Joe Biden (EUA), Boris Johnson (Reino Unido), Olaf Scholz (Alemanha), Vladimir Putin (R\u00fassia), Volodimir Zelenski (Ucr\u00e2nia), Alberto Fern\u00e1ndez (Argentina), Gabriel Boric (Chile) e Xi Jinping (China) enviaram cumprimentos.<\/p>\n<p>Bolsonaro e Macron colecionaram uma s\u00e9rie de alterca\u00e7\u00f5es nos \u00faltimos anos. Na mais recente delas, em novembro, quando o franc\u00eas recebeu Luiz In\u00e1cio Lula da Silva (PT) em Paris, o presidente resumiu a rela\u00e7\u00e3o da seguinte forma, em entrevista a uma r\u00e1dio: \u201cO Macron sempre foi contra a gente, e ele sempre bateu na gente na quest\u00e3o da Amaz\u00f4nia [\u2026] Parece uma provoca\u00e7\u00e3o, sim\u201d.<\/p>\n<p>Segundo Bolsonaro disse \u00e0 \u00e9poca, \u201ca Fran\u00e7a n\u00e3o \u00e9 exemplo para n\u00f3s, muito menos o seu Macron\u201d. A causa ambiental foi uma das principais motiva\u00e7\u00f5es das trocas de cr\u00edticas -mas ofensas pessoais, no caso dirigidas pelo brasileiro \u00e0 mulher do franc\u00eas, tamb\u00e9m entraram na roda.<\/p>\n<p>Ao longo da campanha francesa, no entanto, o presidente n\u00e3o fez declara\u00e7\u00f5es sobre o pleito como havia feito com a elei\u00e7\u00e3o argentina, por exemplo. No Itamaraty, embaixadores experientes minimizam atritos entre os dois l\u00edderes, que dizem ter ficado no passado.<\/p>\n<p>A nota do Itamaraty foi vista pelos diplomatas como positiva e publicada em tempo h\u00e1bil -na vit\u00f3ria do esquerdista Gabriel Boric, no Chile, o governo brasileiro demorou quatro dias para se manifestar.<\/p>\n<p>A rela\u00e7\u00e3o com a Fran\u00e7a \u00e9 considerada especialmente importante para destravar o acordo da Uni\u00e3o Europeia com o Mercosul, que anda a passos lentos.<\/p>\n<p>Lula foi um dos pr\u00e9-candidatos \u00e0 Presid\u00eancia brasileira que parabenizaram a reelei\u00e7\u00e3o do presidente franc\u00eas. \u201cTor\u00e7o pelo sucesso do seu governo, pelo progresso das condi\u00e7\u00f5es de vida do povo franc\u00eas e pelo desenvolvimento da integra\u00e7\u00e3o da Uni\u00e3o Europeia\u201d, escreveu o ex-presidente no Twitter.<\/p>\n<p>\u201cConfio que o presidente Macron contribuir\u00e1 nos desafios globais das mudan\u00e7as clim\u00e1ticas, das pandemias, da luta contra a desigualdade e para a constru\u00e7\u00e3o da paz na Europa.\u201d<\/p>\n<p>O petista, que no primeiro turno havia manifestado apoio ao ultraesquerdista Jean-Luc M\u00e9lenchon, j\u00e1 havia endossado Macron antes da vota\u00e7\u00e3o deste domingo (24), em uma s\u00e9rie de tu\u00edtes destacando que \u201co futuro da democracia estva em jogo na Europa e no mundo\u201d e que era \u201cfundamental derrotar a extrema direita e sua mensagem de \u00f3dio e preconceito\u201d.<\/p>\n<p>A mensagem fazia refer\u00eancia \u00e0 rival derrotada pelo l\u00edder franc\u00eas, a ultradireitista Marine Le Pen. Nesta segunda, Lula foi seguido por Ciro Gomes (PDT), Jo\u00e3o Doria (PSDB), Simone Tebet (MDB) e Felipe d\u2019\u00c1vila (Novo).<\/p>\n<p>\u201cVer a extrema direita derrotada ser\u00e1 sempre motivo de alegria. Maior alegria ainda ser\u00e1 v\u00ea-la definhar e o embate democr\u00e1tico se dar com menos polariza\u00e7\u00e3o e mais qualidade. No Brasil, na Fran\u00e7a e em todo o planeta! Um bom segundo governo a Emmanuel Macron\u201d, escreveu Ciro.<\/p>\n<p>D\u2019\u00c1vila destacou que o resultado \u201cmostra que \u00e9 poss\u00edvel a democracia vencer o populismo\u201d e desejou que ele sirva de exemplo para o Brasil.<\/p>\n<p>\u201cA conquista de Macron \u00e9 a vit\u00f3ria da democracia. \u00c9 a rejei\u00e7\u00e3o ao extremismo. \u00c9 a conquista do voto pela esperan\u00e7a de um futuro promissor para a na\u00e7\u00e3o francesa. Um triunfo do equil\u00edbrio e do compromisso pelo progresso do pa\u00eds, sem radicalismos. Parab\u00e9ns \u00e0 Fran\u00e7a e ao seu povo\u201d, disse Doria.<\/p>\n<p>Tebet escreveu: \u201cSalve a democracia, a modera\u00e7\u00e3o, o di\u00e1logo. O Brasil precisa do mesmo caminho. Na Fran\u00e7a, for\u00e7as democr\u00e1ticas, unidas, venceram. Celebremos, mas sem descanso, pois o v\u00edrus que ataca os ideais de liberdade e justi\u00e7a da democracia ainda ocupa o pulm\u00e3o e a mente de mais de 40% dos franceses\u201d.<\/p>\n","protected":false},"excerpt":{"rendered":"<p>Um dia ap\u00f3s a confirma\u00e7\u00e3o da vit\u00f3ria de Emmanuel Macron na elei\u00e7\u00e3o da Fran\u00e7a, o presidente brasileiro, Jair Bolsonaro (PL), cumprimentou Emmanuel Macron por sua reelei\u00e7\u00e3o ao governo franc\u00eas -os dois l\u00edderes trocaram uma s\u00e9rie de cr\u00edticas ao longo dos \u00faltimos anos. O texto, protocolar, afirma que o Brasil espera \u201cseguir implementado agenda bilateral\u201d com &hellip;<\/p>\n","protected":false},"author":3,"featured_media":66732,"comment_status":"open","ping_status":"open","sticky":false,"template":"","format":"standard","meta":{"_exactmetrics_skip_tracking":false,"_exactmetrics_sitenote_active":false,"_exactmetrics_sitenote_note":"","_exactmetrics_sitenote_category":0,"footnotes":""},"categories":[163],"tags":[],"_links":{"self":[{"href":"https:\/\/goiasemtempo.com.br\/home\/wp-json\/wp\/v2\/posts\/66731"}],"collection":[{"href":"https:\/\/goiasemtempo.com.br\/home\/wp-json\/wp\/v2\/posts"}],"about":[{"href":"https:\/\/goiasemtempo.com.br\/home\/wp-json\/wp\/v2\/types\/post"}],"author":[{"embeddable":true,"href":"https:\/\/goiasemtempo.com.br\/home\/wp-json\/wp\/v2\/users\/3"}],"replies":[{"embeddable":true,"href":"https:\/\/goiasemtempo.com.br\/home\/wp-json\/wp\/v2\/comments?post=66731"}],"version-history":[{"count":1,"href":"https:\/\/goiasemtempo.com.br\/home\/wp-json\/wp\/v2\/posts\/66731\/revisions"}],"predecessor-version":[{"id":66733,"href":"https:\/\/goiasemtempo.com.br\/home\/wp-json\/wp\/v2\/posts\/66731\/revisions\/66733"}],"wp:featuredmedia":[{"embeddable":true,"href":"https:\/\/goiasemtempo.com.br\/home\/wp-json\/wp\/v2\/media\/66732"}],"wp:attachment":[{"href":"https:\/\/goiasemtempo.com.br\/home\/wp-json\/wp\/v2\/media?parent=66731"}],"wp:term":[{"taxonomy":"category","embeddable":true,"href":"https:\/\/goiasemtempo.com.br\/home\/wp-json\/wp\/v2\/categories?post=66731"},{"taxonomy":"post_tag","embeddable":true,"href":"https:\/\/goiasemtempo.com.br\/home\/wp-json\/wp\/v2\/tags?post=66731"}],"curies":[{"name":"wp","href":"https:\/\/api.w.org\/{rel}","templated":true}]}}