{"id":66725,"date":"2022-04-26T13:29:34","date_gmt":"2022-04-26T13:29:34","guid":{"rendered":"http:\/\/goiasemtempo.com.br\/home\/?p=66725"},"modified":"2022-04-26T13:29:34","modified_gmt":"2022-04-26T13:29:34","slug":"dois-casos-de-zika-virus-em-gestantes-sao-confirmados-em-goias","status":"publish","type":"post","link":"https:\/\/goiasemtempo.com.br\/home\/dois-casos-de-zika-virus-em-gestantes-sao-confirmados-em-goias\/","title":{"rendered":"Dois casos de zika v\u00edrus em gestantes s\u00e3o confirmados em Goi\u00e1s"},"content":{"rendered":"<p>Foi confirmado dois casos de zika v\u00edrus em gestantes. De acordo com a Secretaria de Estado da Sa\u00fade de Goi\u00e1s (SES-GO), as duas mulheres est\u00e3o sendo acompanhadas e, at\u00e9 o momento, n\u00e3o h\u00e1 informa\u00e7\u00e3o de sequela para os beb\u00eas. As infec\u00e7\u00f5es ocorreram no munic\u00edpio de Vicentin\u00f3polis e tamb\u00e9m em Inhumas. A doen\u00e7a \u00e9 transmitida pelo mosquito Aedes aegypti.<\/p>\n<p>A infec\u00e7\u00e3o durante a gesta\u00e7\u00e3o pode causar, entre outros problemas neurol\u00f3gicos, a microcefalia. Como ainda n\u00e3o existe vacina para esta doen\u00e7a. Segundo a pasta, a m\u00e3e de Vicentin\u00f3polis j\u00e1 deu \u00e0 luz, mas a crian\u00e7a ainda vai passar por investiga\u00e7\u00e3o pelo\u00a0 comit\u00ea de investiga\u00e7\u00e3o de microcefalia, para que haja um diagn\u00f3stico do beb\u00ea\u00a0J\u00e1 no caso da m\u00e3e de Inhumas, a crian\u00e7a ainda n\u00e3o nasceu. Com isso, \u00e9 preciso aguardar o nascimento para a realiza\u00e7\u00e3o dos mesmos procedimentos. \u201cN\u00e3o quer dizer que ela teve ou vai ter alguma consequ\u00eancia da zika, como microcefalia\u201d, informou a SES-GO.\u00a0\u00a0A recomenda\u00e7\u00e3o \u00e9 usar repelente, telar as casas se poss\u00edvel, e eliminarmos criadouros do mosquito. Nos casos confirmados, a Secretaria de Estado da Sa\u00fade (SES) orienta que as secretarias municipais fa\u00e7am o bloqueio, verifiquem poss\u00edveis locais que acumulam \u00e1gua, fa\u00e7am a nebuliza\u00e7\u00e3o e outras medidas para acabar com o mosquito e poss\u00edveis larvas.<\/p>\n","protected":false},"excerpt":{"rendered":"<p>Foi confirmado dois casos de zika v\u00edrus em gestantes. De acordo com a Secretaria de Estado da Sa\u00fade de Goi\u00e1s (SES-GO), as duas mulheres est\u00e3o sendo acompanhadas e, at\u00e9 o momento, n\u00e3o h\u00e1 informa\u00e7\u00e3o de sequela para os beb\u00eas. As infec\u00e7\u00f5es ocorreram no munic\u00edpio de Vicentin\u00f3polis e tamb\u00e9m em Inhumas. A doen\u00e7a \u00e9 transmitida pelo &hellip;<\/p>\n","protected":false},"author":3,"featured_media":66726,"comment_status":"open","ping_status":"open","sticky":false,"template":"","format":"standard","meta":{"_exactmetrics_skip_tracking":false,"_exactmetrics_sitenote_active":false,"_exactmetrics_sitenote_note":"","_exactmetrics_sitenote_category":0,"footnotes":""},"categories":[4],"tags":[],"_links":{"self":[{"href":"https:\/\/goiasemtempo.com.br\/home\/wp-json\/wp\/v2\/posts\/66725"}],"collection":[{"href":"https:\/\/goiasemtempo.com.br\/home\/wp-json\/wp\/v2\/posts"}],"about":[{"href":"https:\/\/goiasemtempo.com.br\/home\/wp-json\/wp\/v2\/types\/post"}],"author":[{"embeddable":true,"href":"https:\/\/goiasemtempo.com.br\/home\/wp-json\/wp\/v2\/users\/3"}],"replies":[{"embeddable":true,"href":"https:\/\/goiasemtempo.com.br\/home\/wp-json\/wp\/v2\/comments?post=66725"}],"version-history":[{"count":1,"href":"https:\/\/goiasemtempo.com.br\/home\/wp-json\/wp\/v2\/posts\/66725\/revisions"}],"predecessor-version":[{"id":66727,"href":"https:\/\/goiasemtempo.com.br\/home\/wp-json\/wp\/v2\/posts\/66725\/revisions\/66727"}],"wp:featuredmedia":[{"embeddable":true,"href":"https:\/\/goiasemtempo.com.br\/home\/wp-json\/wp\/v2\/media\/66726"}],"wp:attachment":[{"href":"https:\/\/goiasemtempo.com.br\/home\/wp-json\/wp\/v2\/media?parent=66725"}],"wp:term":[{"taxonomy":"category","embeddable":true,"href":"https:\/\/goiasemtempo.com.br\/home\/wp-json\/wp\/v2\/categories?post=66725"},{"taxonomy":"post_tag","embeddable":true,"href":"https:\/\/goiasemtempo.com.br\/home\/wp-json\/wp\/v2\/tags?post=66725"}],"curies":[{"name":"wp","href":"https:\/\/api.w.org\/{rel}","templated":true}]}}