{"id":66520,"date":"2022-04-08T17:57:48","date_gmt":"2022-04-08T17:57:48","guid":{"rendered":"http:\/\/goiasemtempo.com.br\/home\/?p=66520"},"modified":"2022-04-08T17:57:48","modified_gmt":"2022-04-08T17:57:48","slug":"acidente-entre-caminhao-e-carreta-deixa-tres-mortos-em-formosa-nesta-quinta-feira","status":"publish","type":"post","link":"https:\/\/goiasemtempo.com.br\/home\/acidente-entre-caminhao-e-carreta-deixa-tres-mortos-em-formosa-nesta-quinta-feira\/","title":{"rendered":"Acidente entre caminh\u00e3o e carreta deixa tr\u00eas mortos em Formosa, nesta quinta-feira"},"content":{"rendered":"<p>Tr\u00eas pessoas acabaram n\u00e3o resistindo e morreram em decorr\u00eancia de um acidente envolvendo uma caminhonete e uma carreta na BRO-020, regi\u00e3o de Formosa (GO), no Entorno do Distrito Federal, nesta quinta-feira (7).<\/p>\n<p>Segundo informa\u00e7\u00f5es da Pol\u00edcia Rodovi\u00e1ria Federal (PRF), o motorista do caminh\u00e3o narrou aos agentes que foi fechado por outro carro e que no momento do acidente a pista estava molhada, por isso fez com que o caminh\u00e3o fizesse um \u2018L\u2019, entre a cabine e a carroceria.<\/p>\n<p>J\u00e1 o condutor da caminhonete estava trafegando em sentido contr\u00e1rio na rodovia e n\u00e3o conseguiu frear a tempo, desta forma n\u00e3o evitando a colis\u00e3o na carroceria do caminh\u00e3o, que estava ocupando as duas faixas da pista.<\/p>\n<p>O Servi\u00e7o de Atendimento M\u00f3vel (Samu) e o Corpo de Bombeiros (CBM) tamb\u00e9m foram ao local prestar atendimentos. A Pol\u00edcia T\u00e9cnico Cient\u00edfica foi acionada e os corpos foram levados ao Instituto M\u00e9dico Legal de\u00a0Formosa (IML).<\/p>\n<p>At\u00e9 o fechamento deste texto, a PRF n\u00e3o havia revelado as identifica\u00e7\u00f5es das v\u00edtimas nem do motorista da carreta e tamb\u00e9m de onde eram eles.<\/p>\n<hr class=\"wp-block-separator\" \/>\n<p>&nbsp;<\/p>\n","protected":false},"excerpt":{"rendered":"<p>Tr\u00eas pessoas acabaram n\u00e3o resistindo e morreram em decorr\u00eancia de um acidente envolvendo uma caminhonete e uma carreta na BRO-020, regi\u00e3o de Formosa (GO), no Entorno do Distrito Federal, nesta quinta-feira (7). Segundo informa\u00e7\u00f5es da Pol\u00edcia Rodovi\u00e1ria Federal (PRF), o motorista do caminh\u00e3o narrou aos agentes que foi fechado por outro carro e que no &hellip;<\/p>\n","protected":false},"author":3,"featured_media":66521,"comment_status":"open","ping_status":"open","sticky":false,"template":"","format":"standard","meta":{"_exactmetrics_skip_tracking":false,"_exactmetrics_sitenote_active":false,"_exactmetrics_sitenote_note":"","_exactmetrics_sitenote_category":0,"footnotes":""},"categories":[7,62,346],"tags":[],"_links":{"self":[{"href":"https:\/\/goiasemtempo.com.br\/home\/wp-json\/wp\/v2\/posts\/66520"}],"collection":[{"href":"https:\/\/goiasemtempo.com.br\/home\/wp-json\/wp\/v2\/posts"}],"about":[{"href":"https:\/\/goiasemtempo.com.br\/home\/wp-json\/wp\/v2\/types\/post"}],"author":[{"embeddable":true,"href":"https:\/\/goiasemtempo.com.br\/home\/wp-json\/wp\/v2\/users\/3"}],"replies":[{"embeddable":true,"href":"https:\/\/goiasemtempo.com.br\/home\/wp-json\/wp\/v2\/comments?post=66520"}],"version-history":[{"count":1,"href":"https:\/\/goiasemtempo.com.br\/home\/wp-json\/wp\/v2\/posts\/66520\/revisions"}],"predecessor-version":[{"id":66522,"href":"https:\/\/goiasemtempo.com.br\/home\/wp-json\/wp\/v2\/posts\/66520\/revisions\/66522"}],"wp:featuredmedia":[{"embeddable":true,"href":"https:\/\/goiasemtempo.com.br\/home\/wp-json\/wp\/v2\/media\/66521"}],"wp:attachment":[{"href":"https:\/\/goiasemtempo.com.br\/home\/wp-json\/wp\/v2\/media?parent=66520"}],"wp:term":[{"taxonomy":"category","embeddable":true,"href":"https:\/\/goiasemtempo.com.br\/home\/wp-json\/wp\/v2\/categories?post=66520"},{"taxonomy":"post_tag","embeddable":true,"href":"https:\/\/goiasemtempo.com.br\/home\/wp-json\/wp\/v2\/tags?post=66520"}],"curies":[{"name":"wp","href":"https:\/\/api.w.org\/{rel}","templated":true}]}}