{"id":66493,"date":"2022-04-04T15:30:52","date_gmt":"2022-04-04T15:30:52","guid":{"rendered":"http:\/\/goiasemtempo.com.br\/home\/?p=66493"},"modified":"2022-04-04T15:30:52","modified_gmt":"2022-04-04T15:30:52","slug":"inss-confira-quem-recebe-o-13o-salario-durante-o-mes-de-abril","status":"publish","type":"post","link":"https:\/\/goiasemtempo.com.br\/home\/inss-confira-quem-recebe-o-13o-salario-durante-o-mes-de-abril\/","title":{"rendered":"INSS: confira quem recebe o 13\u00ba sal\u00e1rio durante o m\u00eas de abril"},"content":{"rendered":"<p>Os benefici\u00e1rios do Instituto Nacional do Seguro Social (INSS) recebem o 13\u00ba sal\u00e1rio deste ano de maneira antecipada, a partir de abril. Uma nova portaria do Minist\u00e9rio do Trabalho e Previd\u00eancia estabeleceu os pagamentos em duas parcelas.<\/p>\n<p><span class=\"storyimage fullwidth inlineimage\" data-aop=\"image\"><span class=\"image\" data-attrib=\"Arquivo \/ Ag\u00eancia Brasil\" data-caption=\"Uma nova portaria do Minist\u00e9rio do Trabalho e Previd\u00eancia estabeleceu os pagamentos em duas parcelas Arquivo \/ Ag\u00eancia Brasil\" data-id=\"107\" data-m=\"{&quot;i&quot;:107,&quot;p&quot;:106,&quot;n&quot;:&quot;openModal&quot;,&quot;t&quot;:&quot;articleImages&quot;,&quot;o&quot;:1}\"><img decoding=\"async\" class=\"loaded\" src=\"https:\/\/img-s-msn-com.akamaized.net\/tenant\/amp\/entityid\/AAVOmBm.img?h=471&amp;w=760&amp;m=6&amp;q=60&amp;o=f&amp;l=f\" alt=\"Uma nova portaria do Minist\u00e9rio do Trabalho e Previd\u00eancia estabeleceu os pagamentos em duas parcelas Arquivo \/ Ag\u00eancia Brasil\" data-src=\"{&quot;default&quot;:{&quot;load&quot;:&quot;default&quot;,&quot;w&quot;:&quot;76&quot;,&quot;h&quot;:&quot;47&quot;,&quot;src&quot;:&quot;\/\/img-s-msn-com.akamaized.net\/tenant\/amp\/entityid\/AAVOmBm.img?h=471&amp;w=760&amp;m=6&amp;q=60&amp;o=f&amp;l=f&quot;},&quot;size3column&quot;:{&quot;load&quot;:&quot;default&quot;,&quot;w&quot;:&quot;62&quot;,&quot;h&quot;:&quot;39&quot;,&quot;src&quot;:&quot;\/\/img-s-msn-com.akamaized.net\/tenant\/amp\/entityid\/AAVOmBm.img?h=387&amp;w=624&amp;m=6&amp;q=60&amp;o=f&amp;l=f&quot;},&quot;size2column&quot;:{&quot;load&quot;:&quot;default&quot;,&quot;w&quot;:&quot;62&quot;,&quot;h&quot;:&quot;39&quot;,&quot;src&quot;:&quot;\/\/img-s-msn-com.akamaized.net\/tenant\/amp\/entityid\/AAVOmBm.img?h=387&amp;w=624&amp;m=6&amp;q=60&amp;o=f&amp;l=f&quot;}}\" \/><\/span><span class=\"caption truncate\"><span class=\"attribution\">\u00a9 Arquivo \/ Ag\u00eancia Brasil<\/span>\u00a0Uma nova portaria do Minist\u00e9rio do Trabalho e Previd\u00eancia estabeleceu os pagamentos em duas parcelas Arquivo \/ Ag\u00eancia Brasil<\/span><\/span><\/p>\n<p>Segundo dados do Governo, aproximadamente 30,5 milh\u00f5es de aposentados e pensionistas receber\u00e3o a antecipa\u00e7\u00e3o pelo terceiro ano seguido. A medida injetar\u00e1 R$ 56,7 bilh\u00f5es na economia e n\u00e3o altera o Or\u00e7amento de 2022, que j\u00e1 prev\u00ea o gasto.<\/p>\n<p><strong><a tabindex=\"0\" href=\"https:\/\/www.istoedinheiro.com.br\/abono-salarial-de-2019-esquecido-por-trabalhadores-ja-pode-ser-pedido\/\" target=\"_blank\" rel=\"noopener\" data-id=\"109\" data-m=\"{&quot;i&quot;:109,&quot;p&quot;:106,&quot;n&quot;:&quot;partnerLink&quot;,&quot;y&quot;:24,&quot;o&quot;:3}\">+ Abono salarial de 2019 esquecido por trabalhadores j\u00e1 pode ser pedido<\/a><\/strong><\/p>\n<p>O primeiro pagamento, de 50% do 13\u00ba sal\u00e1rio, ser\u00e1 feito entre 25 de abril e 6 de maio. A segunda parcela, que ter\u00e1 descontos relativos ao Imposto de Renda (IR), ser\u00e1 paga entre 25 de maio e 7 de junho. A exce\u00e7\u00e3o \u00e9 para quem come\u00e7ou a receber o benef\u00edcio depois de janeiro deste ano. Neste caso, o valor ser\u00e1 calculado proporcionalmente.\u00a0<em>Veja o calend\u00e1rio a seguir:<\/em><\/p>\n<p><strong>Primeira parcela para quem recebe um sal\u00e1rio m\u00ednimo (R$ 1.212):<\/strong><\/p>\n<p>Final do benef\u00edcio 1 \u2013 25\/4<\/p>\n<p>Final do benef\u00edcio 2 \u2013 26\/4<\/p>\n<div id=\"aol_outstream_article\" data-bcid=\"56603651bbe5bf10d057f868\" data-id=\"108\" data-m=\"{&quot;i&quot;:108,&quot;p&quot;:106,&quot;n&quot;:&quot;aol-article-inlineOutstreamAd&quot;,&quot;t&quot;:&quot;AolInlineOutstreamAd&quot;,&quot;o&quot;:2}\">\n<div id=\"590760c31de5a10537b6f1b3\" class=\"vdb_player \">\n<div>Final do benef\u00edcio 3 \u2013 27\/4<\/div>\n<\/div>\n<\/div>\n<p>Final do benef\u00edcio 4 \u2013 28\/4<\/p>\n<p>Final do benef\u00edcio 5 \u2013 29\/4<\/p>\n<p>Final do benef\u00edcio 6 \u2013 2\/5<\/p>\n<p>Final do benef\u00edcio 7 \u2013 3\/5<\/p>\n<p>Final do benef\u00edcio 8 \u2013 4\/5<\/p>\n<p>Final do benef\u00edcio 9 \u2013 5\/5<\/p>\n<p>Final do benef\u00edcio 0 \u2013 6\/5<\/p>\n<p><strong>Primeira parcela para quem ganha acima do sal\u00e1rio m\u00ednimo:<\/strong><\/p>\n<p>Final do benef\u00edcio 1 e 6 \u2013 2\/5<\/p>\n<p>Final do benef\u00edcio 2 e 7 \u2013 3\/5<\/p>\n<p>Final do benef\u00edcio 3 e 8 \u2013 4\/5<\/p>\n<p>Final do benef\u00edcio 4 e 9 \u2013 5\/5<\/p>\n<p>Final do benef\u00edcio 5 e 0 \u2013 6\/5<\/p>\n<p><strong>Segunda parcela para quem recebe sal\u00e1rio m\u00ednimo:<\/strong><\/p>\n<p>Final do benef\u00edcio 1 \u2013 25\/5<\/p>\n<p>Final do benef\u00edcio 2 \u2013 26\/5<\/p>\n<p>Final do benef\u00edcio 3 \u2013 27\/5<\/p>\n<p>Final do benef\u00edcio 4 \u2013 30\/5<\/p>\n<p>Final do benef\u00edcio 5 \u2013 31\/5<\/p>\n<p>Final do benef\u00edcio 6 \u2013 1\u00ba\/6<\/p>\n<p>Final do benef\u00edcio 7 \u2013 2\/6<\/p>\n<p>Final do benef\u00edcio 8 \u2013 3\/6<\/p>\n<p>Final do benef\u00edcio 9 \u2013 6\/6<\/p>\n<p>Final do benef\u00edcio 0 \u2013 7\/6<\/p>\n<p><strong>Segunda parcela para quem recebe acima do sal\u00e1rio m\u00ednimo<\/strong><\/p>\n<p>Final do benef\u00edcio 1 e 6 \u2013 1\u00ba\/6<\/p>\n<p>Final do benef\u00edcio 2 e 7 \u2013 2\/6<\/p>\n<p>Final do benef\u00edcio 3 e 8 \u2013 3\/6<\/p>\n<p>Final do benef\u00edcio 4 e 9 \u2013 6\/6<\/p>\n<p>Final do benef\u00edcio 5 e 0 \u2013 7\/6<\/p>\n","protected":false},"excerpt":{"rendered":"<p>Os benefici\u00e1rios do Instituto Nacional do Seguro Social (INSS) recebem o 13\u00ba sal\u00e1rio deste ano de maneira antecipada, a partir de abril. Uma nova portaria do Minist\u00e9rio do Trabalho e Previd\u00eancia estabeleceu os pagamentos em duas parcelas. \u00a9 Arquivo \/ Ag\u00eancia Brasil\u00a0Uma nova portaria do Minist\u00e9rio do Trabalho e Previd\u00eancia estabeleceu os pagamentos em duas &hellip;<\/p>\n","protected":false},"author":3,"featured_media":66494,"comment_status":"open","ping_status":"open","sticky":false,"template":"","format":"standard","meta":{"_exactmetrics_skip_tracking":false,"_exactmetrics_sitenote_active":false,"_exactmetrics_sitenote_note":"","_exactmetrics_sitenote_category":0,"footnotes":""},"categories":[4],"tags":[],"_links":{"self":[{"href":"https:\/\/goiasemtempo.com.br\/home\/wp-json\/wp\/v2\/posts\/66493"}],"collection":[{"href":"https:\/\/goiasemtempo.com.br\/home\/wp-json\/wp\/v2\/posts"}],"about":[{"href":"https:\/\/goiasemtempo.com.br\/home\/wp-json\/wp\/v2\/types\/post"}],"author":[{"embeddable":true,"href":"https:\/\/goiasemtempo.com.br\/home\/wp-json\/wp\/v2\/users\/3"}],"replies":[{"embeddable":true,"href":"https:\/\/goiasemtempo.com.br\/home\/wp-json\/wp\/v2\/comments?post=66493"}],"version-history":[{"count":1,"href":"https:\/\/goiasemtempo.com.br\/home\/wp-json\/wp\/v2\/posts\/66493\/revisions"}],"predecessor-version":[{"id":66495,"href":"https:\/\/goiasemtempo.com.br\/home\/wp-json\/wp\/v2\/posts\/66493\/revisions\/66495"}],"wp:featuredmedia":[{"embeddable":true,"href":"https:\/\/goiasemtempo.com.br\/home\/wp-json\/wp\/v2\/media\/66494"}],"wp:attachment":[{"href":"https:\/\/goiasemtempo.com.br\/home\/wp-json\/wp\/v2\/media?parent=66493"}],"wp:term":[{"taxonomy":"category","embeddable":true,"href":"https:\/\/goiasemtempo.com.br\/home\/wp-json\/wp\/v2\/categories?post=66493"},{"taxonomy":"post_tag","embeddable":true,"href":"https:\/\/goiasemtempo.com.br\/home\/wp-json\/wp\/v2\/tags?post=66493"}],"curies":[{"name":"wp","href":"https:\/\/api.w.org\/{rel}","templated":true}]}}